{"id":220,"date":"2020-05-08T22:56:40","date_gmt":"2020-05-08T22:56:40","guid":{"rendered":"https:\/\/www.desdegranada.com\/site\/?p=220"},"modified":"2020-05-08T22:56:40","modified_gmt":"2020-05-08T22:56:40","slug":"estratos-1-y-2-recibiran-subsidio-del-servicio-de-agua-alcantarillado-y-aseo","status":"publish","type":"post","link":"https:\/\/www.desdegranada.com\/site\/?p=220","title":{"rendered":"Estratos 1 y 2 recibir\u00e1n subsidio del servicio de agua, alcantarillado y aseo"},"content":{"rendered":"<p style=\"text-align: justify;\">Esta iniciativa estar\u00e1 vigente por los meses de mayo y junio, \u201cse va subsidiar el cargo f\u00edsico y el consumo b\u00e1sico, el consumo b\u00e1sico es aquel que no sobrepasa los 11 metros c\u00fabicos al mes (consumo promedio de una familia de 2 a tres personas) y para el estrato 3 se va subsidiar lo que llamamos el cargo fijo\u201d, manifest\u00f3 Dubian Freddy G\u00f3mez Giraldo, Gerente de la E.S.P.G<\/p>\n<p style=\"text-align: justify;\">\u00a0El gerente de la Empresa de Servicios P\u00fablicos de Granada expresa que \u201cel beneficio va a estar reflejado en la pr\u00f3xima facturaci\u00f3n,\u201d muy seguramente a algunos usuarios no les va a llegar factura o les llegue en cero porque autom\u00e1ticamente nosotros vamos a hacer reconocimiento de este valor, a\u00f1ade que \u201cpara las personas que tienen deudas de meses anteriores\u00a0 o el consumo es superior\u00a0 a los once metros c\u00fabicos facturaremos\u00a0 ese valor excedente y esa es la factura que les va llegar a sus hogares. \u201c<\/p>\n<p style=\"text-align: justify;\">Los usuarios que no son beneficiarios de este subsidio\u00a0 y no tienen la posibilidad de \u00a0cancelar la factura de contado se pueden acercar a la oficina y financiar el valor \u00a0en com\u00fan acuerdo con la E.S.P.G. \u201cpero deben acercarse a la oficina personalmente\u201d.<\/p>\n<p style=\"text-align: justify;\">Para las personas solidarias del municipio existe la posibilidad \u201cy que est\u00e1 entre la normatividad, es que el usuario que quiera aportar un valor extra al de su factura, nosotros se lo incluimos a la facturaci\u00f3n y tener ese recurso como soporte o incentivo para aquellos que necesiten de este beneficio\u201d.<\/p>\n<p style=\"text-align: justify;\">Las personas que tengan alguna inquietud referente a este beneficio se pueden comunicar al celular 312 296 52 22 o al tel\u00e9fono fijo 832 09 39 con la Empresa de Servicios P\u00fablicos de Granada.<\/p>\n<p>\u00a0<\/p>\n","protected":false},"excerpt":{"rendered":"<p style=\"text-align: justify;\">Desde la Empresa de Servicios P\u00fablicos de Granada en conjunto con la administraci\u00f3n municipal y debido a la contingencia que se viene padeciendo referente al covid 19 se tom\u00f3 la decisi\u00f3n de subsidiar los servicios p\u00fablicos de agua, alcantarillado y aseo a los estratos 1 y 2 en un cien por ciento.<\/p>\n","protected":false},"author":1,"featured_media":0,"comment_status":"open","ping_status":"open","sticky":false,"template":"","format":"standard","meta":{"footnotes":""},"categories":[19],"tags":[],"class_list":["post-220","post","type-post","status-publish","format-standard","hentry","category-noticias"],"_links":{"self":[{"href":"https:\/\/www.desdegranada.com\/site\/index.php?rest_route=\/wp\/v2\/posts\/220","targetHints":{"allow":["GET"]}}],"collection":[{"href":"https:\/\/www.desdegranada.com\/site\/index.php?rest_route=\/wp\/v2\/posts"}],"about":[{"href":"https:\/\/www.desdegranada.com\/site\/index.php?rest_route=\/wp\/v2\/types\/post"}],"author":[{"embeddable":true,"href":"https:\/\/www.desdegranada.com\/site\/index.php?rest_route=\/wp\/v2\/users\/1"}],"replies":[{"embeddable":true,"href":"https:\/\/www.desdegranada.com\/site\/index.php?rest_route=%2Fwp%2Fv2%2Fcomments&post=220"}],"version-history":[{"count":0,"href":"https:\/\/www.desdegranada.com\/site\/index.php?rest_route=\/wp\/v2\/posts\/220\/revisions"}],"wp:attachment":[{"href":"https:\/\/www.desdegranada.com\/site\/index.php?rest_route=%2Fwp%2Fv2%2Fmedia&parent=220"}],"wp:term":[{"taxonomy":"category","embeddable":true,"href":"https:\/\/www.desdegranada.com\/site\/index.php?rest_route=%2Fwp%2Fv2%2Fcategories&post=220"},{"taxonomy":"post_tag","embeddable":true,"href":"https:\/\/www.desdegranada.com\/site\/index.php?rest_route=%2Fwp%2Fv2%2Ftags&post=220"}],"curies":[{"name":"wp","href":"https:\/\/api.w.org\/{rel}","templated":true}]}}