{"id":221,"date":"2020-05-11T20:16:47","date_gmt":"2020-05-11T20:16:47","guid":{"rendered":"https:\/\/www.desdegranada.com\/site\/?p=221"},"modified":"2020-05-11T20:16:47","modified_gmt":"2020-05-11T20:16:47","slug":"siguiendo-protocolos-reabren-establecimientos-de-comercio","status":"publish","type":"post","link":"https:\/\/www.desdegranada.com\/site\/?p=221","title":{"rendered":"Siguiendo protocolos, reabren establecimientos de comercio"},"content":{"rendered":"<p style=\"text-align: justify;\">\u201cAqu\u00ed vamos a hacer un proceso de apertura mucho m\u00e1s amplia a nivel interno pero un control muy extremo al ingreso\u201d, anunci\u00f3 el alcalde Freddy Casta\u00f1o.<\/p>\n<p style=\"text-align: justify;\">Con respecto a la verificaci\u00f3n del cumplimiento de los protocolos adoptados por el comercio, el comandante de la estaci\u00f3n de polic\u00eda del municipio, explic\u00f3 que \u201cen compa\u00f1\u00eda de la comisar\u00eda, la inspecci\u00f3n de polic\u00eda y la direcci\u00f3n local de salud, vamos a hacer unas brigadas con el fin de controlar las aglomeraciones, que cumplan con el requisito m\u00ednimo de bioseguridad y que cumplan con la norma del cierre del establecimiento para que no ingresen hasta el local\u201d.<\/p>\n<p style=\"text-align: justify;\">Se mantienen las restricciones para todos los ciudadanos del municipio a partir de las 2 de la tarde, las personas mayores de 60 a\u00f1os y menores de edad durante todo, bajo el riesgo de sanci\u00f3n con comparendo.<\/p>\n<p><img loading=\"lazy\" decoding=\"async\" src=\"https:\/\/scontent.fnva1-1.fna.fbcdn.net\/v\/t1.0-9\/p960x960\/96376275_1591253527700267_2037012652445663232_o.jpg?_nc_cat=104&amp;_nc_sid=110474&amp;_nc_eui2=AeF49AL0A6HfzPgemjeLiwn8Pc16cZqHyVk9zXpxmofJWfnOGprxxwfMYCYgt_bGv5puLy94d16ijbZ5I0MaKzjg&amp;_nc_ohc=-t0FlOV5atMAX_bkdVh&amp;_nc_ht=scontent.fnva1-1.fna&amp;_nc_tp=6&amp;oh=4ad64bb790e05ee96ed70699c8fad33c&amp;oe=5EDF69D5\" width=\"400\" height=\"400\" \/>\u00a0 \u00a0 \u00a0 \u00a0 \u00a0 \u00a0 \u00a0 \u00a0<img loading=\"lazy\" decoding=\"async\" src=\"https:\/\/scontent.fnva1-1.fna.fbcdn.net\/v\/t1.0-9\/p960x960\/96232415_1591253564366930_8482177526150463488_o.jpg?_nc_cat=104&amp;_nc_sid=110474&amp;_nc_eui2=AeGocca2AGrtberTud0B-WrOKN3wX2QseXMo3fBfZCx5c4IrlMi1Q2WeWZYBd5A-mEn-oDQAPDQBXWQ7iaFfp6V8&amp;_nc_ohc=-Vpfh3t0LRUAX_KZZ6r&amp;_nc_ht=scontent.fnva1-1.fna&amp;_nc_tp=6&amp;oh=de964d44198abf97e2ab836bc6eadbbd&amp;oe=5EDDB9A2\" alt=\"\" width=\"400\" height=\"400\" \/><\/p>\n","protected":false},"excerpt":{"rendered":"<p style=\"text-align: justify;\">Un amplio n\u00famero de establecimientos comerciales de la localidad han reactivado sus actividades desde este lunes 11 de mayo acogi\u00e9ndose a las medidas de las autoridades de salud y el gobierno nacional, tales como el distanciamiento social, el uso del tapabocas y gel antibacterial.<\/p>\n","protected":false},"author":1,"featured_media":0,"comment_status":"open","ping_status":"open","sticky":false,"template":"","format":"standard","meta":{"footnotes":""},"categories":[19],"tags":[],"class_list":["post-221","post","type-post","status-publish","format-standard","hentry","category-noticias"],"_links":{"self":[{"href":"https:\/\/www.desdegranada.com\/site\/index.php?rest_route=\/wp\/v2\/posts\/221","targetHints":{"allow":["GET"]}}],"collection":[{"href":"https:\/\/www.desdegranada.com\/site\/index.php?rest_route=\/wp\/v2\/posts"}],"about":[{"href":"https:\/\/www.desdegranada.com\/site\/index.php?rest_route=\/wp\/v2\/types\/post"}],"author":[{"embeddable":true,"href":"https:\/\/www.desdegranada.com\/site\/index.php?rest_route=\/wp\/v2\/users\/1"}],"replies":[{"embeddable":true,"href":"https:\/\/www.desdegranada.com\/site\/index.php?rest_route=%2Fwp%2Fv2%2Fcomments&post=221"}],"version-history":[{"count":0,"href":"https:\/\/www.desdegranada.com\/site\/index.php?rest_route=\/wp\/v2\/posts\/221\/revisions"}],"wp:attachment":[{"href":"https:\/\/www.desdegranada.com\/site\/index.php?rest_route=%2Fwp%2Fv2%2Fmedia&parent=221"}],"wp:term":[{"taxonomy":"category","embeddable":true,"href":"https:\/\/www.desdegranada.com\/site\/index.php?rest_route=%2Fwp%2Fv2%2Fcategories&post=221"},{"taxonomy":"post_tag","embeddable":true,"href":"https:\/\/www.desdegranada.com\/site\/index.php?rest_route=%2Fwp%2Fv2%2Ftags&post=221"}],"curies":[{"name":"wp","href":"https:\/\/api.w.org\/{rel}","templated":true}]}}