{"id":222,"date":"2020-05-11T21:37:54","date_gmt":"2020-05-11T21:37:54","guid":{"rendered":"https:\/\/www.desdegranada.com\/site\/?p=222"},"modified":"2020-05-11T21:37:54","modified_gmt":"2020-05-11T21:37:54","slug":"con-acompanamiento-de-sus-padres-menores-de-6-anos-podran-realizar-actividad-fisica","status":"publish","type":"post","link":"https:\/\/www.desdegranada.com\/site\/?p=222","title":{"rendered":"Con acompa\u00f1amiento de sus padres, menores de 6 a\u00f1os podr\u00e1n realizar actividad f\u00edsica"},"content":{"rendered":"<p style=\"text-align: justify;\">El numeral 41 del decreto 636 del 6 de mayo de 2020 permite <strong><em>\u201cel desarrollo de actividades f\u00edsicas y de ejercicios al aire libre de personas que se encuentren en el rango de edad de 18 a 60 a\u00f1os, por un per\u00edodo m\u00e1ximo de una (1) hora diaria, de acuerdo con las medidas, instrucciones y horarios que fijen los alcaldes en sus respectivas jurisdicciones territoriales.<\/em><\/strong><\/p>\n<p style=\"text-align: justify;\"><strong><em>Los ni\u00f1os mayores de seis a\u00f1os podr\u00e1n salir a realizar actividades f\u00edsicas y de ejercicio al aire libre tres (3) veces a la semana, media hora al d\u00eda, de acuerdo con las medidas, instrucciones y horarios que fijen los alcaldes en sus respectivas jurisdicciones territoriales.<\/em><\/strong><\/p>\n<p style=\"text-align: justify;\"><strong><em>En todo caso se deber\u00e1n atender los protocolos de bioseguridad que para los efectos se establezcan\u201d.<\/em><\/strong><\/p>\n<p style=\"text-align: justify;\">En este sentido y luego de socializar con la comunidad las nuevas medidas a trav\u00e9s de la emisora Granada Stereo, el comisario de familia del municipio Jhonatan Echavarr\u00eda hizo \u00e9nfasis en que \u201cno estamos autorizando que los menores hagan visita, no est\u00e1n autorizados los menores de paseo. Exclusivamente el tema de realizaci\u00f3n de actividad f\u00edsica\u201d. Mientras tanto el alcalde Freddy Casta\u00f1o detall\u00f3 algunas de las actividades permitidas \u201cque el ni\u00f1o camine, que monte triciclo o en bicicleta vigilado por el padre, salir a correr, caminar, mirar el paisaje\u201d, todo esto cumpliendo con las condiciones m\u00ednimas de bioseguridad como el uso del tapabocas.<\/p>\n<p style=\"text-align: justify;\">La pr\u00e1ctica de la actividad f\u00edsica debe ser siempre entre los sectores y horarios permitidos en el municipio; es decir entre El Cebadero y El Carmelo, los d\u00edas lunes, mi\u00e9rcoles y viernes de 6 a 10 de la ma\u00f1ana. Los menores deben estar acompa\u00f1ados por sus padres, tutores, custodios o cuidadores (mayores de edad) y debidamente identificados.<\/p>\n<p style=\"text-align: justify;\">En las horas de la ma\u00f1ana del lunes 11 de mayo, en un recorrido de seguimiento de la medida, las autoridades municipales realizaron varios llamados de atenci\u00f3n.<\/p>\n","protected":false},"excerpt":{"rendered":"<p style=\"text-align: justify;\">Despu\u00e9s de 47 d\u00edas de confinamiento obligatorio, mediante decreto, el gobierno nacional ha adoptado medidas para que grupos poblacionales como la ni\u00f1ez tengan espacio para la pr\u00e1ctica de la actividad f\u00edsica a partir de este 11 de mayo.<\/p>\n","protected":false},"author":1,"featured_media":0,"comment_status":"open","ping_status":"open","sticky":false,"template":"","format":"standard","meta":{"footnotes":""},"categories":[19],"tags":[],"class_list":["post-222","post","type-post","status-publish","format-standard","hentry","category-noticias"],"_links":{"self":[{"href":"https:\/\/www.desdegranada.com\/site\/index.php?rest_route=\/wp\/v2\/posts\/222","targetHints":{"allow":["GET"]}}],"collection":[{"href":"https:\/\/www.desdegranada.com\/site\/index.php?rest_route=\/wp\/v2\/posts"}],"about":[{"href":"https:\/\/www.desdegranada.com\/site\/index.php?rest_route=\/wp\/v2\/types\/post"}],"author":[{"embeddable":true,"href":"https:\/\/www.desdegranada.com\/site\/index.php?rest_route=\/wp\/v2\/users\/1"}],"replies":[{"embeddable":true,"href":"https:\/\/www.desdegranada.com\/site\/index.php?rest_route=%2Fwp%2Fv2%2Fcomments&post=222"}],"version-history":[{"count":0,"href":"https:\/\/www.desdegranada.com\/site\/index.php?rest_route=\/wp\/v2\/posts\/222\/revisions"}],"wp:attachment":[{"href":"https:\/\/www.desdegranada.com\/site\/index.php?rest_route=%2Fwp%2Fv2%2Fmedia&parent=222"}],"wp:term":[{"taxonomy":"category","embeddable":true,"href":"https:\/\/www.desdegranada.com\/site\/index.php?rest_route=%2Fwp%2Fv2%2Fcategories&post=222"},{"taxonomy":"post_tag","embeddable":true,"href":"https:\/\/www.desdegranada.com\/site\/index.php?rest_route=%2Fwp%2Fv2%2Ftags&post=222"}],"curies":[{"name":"wp","href":"https:\/\/api.w.org\/{rel}","templated":true}]}}