{"id":223,"date":"2020-05-15T19:20:52","date_gmt":"2020-05-15T19:20:52","guid":{"rendered":"https:\/\/www.desdegranada.com\/site\/?p=223"},"modified":"2020-05-15T19:20:52","modified_gmt":"2020-05-15T19:20:52","slug":"el-resultado-de-la-granadaton-hecho-arte-una-obra-para-la-posteridad","status":"publish","type":"post","link":"https:\/\/www.desdegranada.com\/site\/?p=223","title":{"rendered":"El resultado de la Granadat\u00f3n hecho arte, una obra para la posteridad"},"content":{"rendered":"<p style=\"text-align: justify;\"><img loading=\"lazy\" decoding=\"async\" src=\"images\/Pintura_Granadaton_2.jpg\" alt=\"\" width=\"435\" height=\"744\" \/><\/p>\n<p style=\"text-align: justify;\">A la vez que se desarrollaba la Granadat\u00f3n que pretend\u00eda recolectar recursos para apoyar la labor de la Sociedad San Vicente de Pa\u00fal, el artista pl\u00e1stico Manuel Vanegas C\u00e1rdenas, usando la t\u00e9cnica de \u00f3leo sobre lienzo, plasmaba en vivo y en directo una pintura del templo parroquial del municipio iluminado por la luna, que una vez culminada, se convertir\u00eda en el s\u00edmbolo tangible de esta jornada de solidaridad.<\/p>\n<p style=\"text-align: justify;\">El valor de 500 mil pesos fijado para el inicio de la subasta, fue creciendo a medida que los trazos tomaban mayor forma y los amantes del arte hac\u00edan su oferta para hacerse con esta magn\u00edfica obra, que era el aporte del artista a la Granadat\u00f3n.<\/p>\n<p style=\"text-align: justify;\">\u201cHa sido un trabajo arduo desde las ocho de la ma\u00f1ana, vamos por la mitad. Entendemos que una obra de estas no se hace en un abrir y cerrar de ojos, pero igual hacemos el mejor intento con todo el cari\u00f1o para las personas que m\u00e1s lo necesitan y la idea es fortalecer esta colecta\u201d, manifestaba Manuel hacia las 5 y 15 de la tarde cuando su obra iba ya por la mitad.<\/p>\n<p style=\"text-align: justify;\">Ram\u00f3n Yepes y Dubian Giraldo, como si de una puja entre ellos se tratara, eran los encargados de dar a conocer cada una de las ofertas que llegaban a trav\u00e9s de las redes sociales y el tel\u00e9fono de Granada Stereo, y as\u00ed, cada cifra se superaba con una de mayor cuant\u00eda. Manuel mientras tanto y tal vez motivado por las noticias del inter\u00e9s de diferentes personas en su trabajo, avanzaba en dicha obra de arte.<\/p>\n<p style=\"text-align: justify;\"><img loading=\"lazy\" decoding=\"async\" src=\"https:\/\/scontent.fnva1-1.fna.fbcdn.net\/v\/t1.0-9\/p960x960\/96142508_1582794645212822_2771554950298206208_o.jpg?_nc_cat=105&amp;_nc_sid=110474&amp;_nc_eui2=AeFIyHFSYhheM3UqzlrhjQXi4MOwgbzQAangw7CBvNABqYuA52ekeEJmZ4jFwLL2pJGxMZtDWjb-wHSApCg7U7sw&amp;_nc_ohc=WH9SKELiFUIAX-O83xB&amp;_nc_ht=scontent.fnva1-1.fna&amp;_nc_tp=6&amp;oh=a1763606a4b641f28f949182067b27b9&amp;oe=5EE2A849\" alt=\"\" width=\"400\" height=\"400\" \/><\/p>\n<p style=\"text-align: justify;\">Tras m\u00e1s de 12 horas de trabajo dedicado, un paisano de la ciudad de Medell\u00edn con una oferta de 2 millones 600 mil pesos, se qued\u00f3 con el recuerdo de la Granadat\u00f3n. El mensaje final del comprador fue \u201cestamos felices de poderlo traer a casa, representa el amor, la paz y solidaridad de nuestro amado pueblo. Manuel, todos nuestros respetos, un teso!<\/p>\n<p style=\"text-align: justify;\">\u201cEl cuadro para nada refleja la sensaci\u00f3n que est\u00e1 viviendo el pa\u00eds, por el contrario, refleja ilusi\u00f3n, un sentimiento de regresar y querer al pueblo, refleja ese sentimiento que todos podemos tener hoy de trascender de este momento a los sue\u00f1os, a nuevos momentos\u201d, fueron las palabras con las que Ram\u00f3n Yepes dio cierre a la jornada que culmin\u00f3 con la meta cumplida y superada. En total se recolectaron 129 millones 324 mil 298 pesos.<\/p>\n<p style=\"text-align: justify;\"><iframe loading=\"lazy\" src=\"\/\/www.youtube.com\/embed\/0-sRcFL_ua4\" width=\"720\" height=\"480\" allowfullscreen=\"allowfullscreen\"><\/iframe><\/p>\n","protected":false},"excerpt":{"rendered":"<p style=\"text-align: justify;\">Este es el acabado de la obra de arte realizada por Manuel Vanegas, pintor y promotor de artes de la Casa de la Cultura Ram\u00f3n Eduardo Duque; un trabajo en el que se pueden emplear cerca de 2 meses para pulir cada uno de los detalles, \u00e9l con empe\u00f1o y dedicaci\u00f3n lo complet\u00f3 en tan solo un d\u00eda.<\/p>\n","protected":false},"author":1,"featured_media":0,"comment_status":"open","ping_status":"open","sticky":false,"template":"","format":"standard","meta":{"footnotes":""},"categories":[19],"tags":[],"class_list":["post-223","post","type-post","status-publish","format-standard","hentry","category-noticias"],"_links":{"self":[{"href":"https:\/\/www.desdegranada.com\/site\/index.php?rest_route=\/wp\/v2\/posts\/223","targetHints":{"allow":["GET"]}}],"collection":[{"href":"https:\/\/www.desdegranada.com\/site\/index.php?rest_route=\/wp\/v2\/posts"}],"about":[{"href":"https:\/\/www.desdegranada.com\/site\/index.php?rest_route=\/wp\/v2\/types\/post"}],"author":[{"embeddable":true,"href":"https:\/\/www.desdegranada.com\/site\/index.php?rest_route=\/wp\/v2\/users\/1"}],"replies":[{"embeddable":true,"href":"https:\/\/www.desdegranada.com\/site\/index.php?rest_route=%2Fwp%2Fv2%2Fcomments&post=223"}],"version-history":[{"count":0,"href":"https:\/\/www.desdegranada.com\/site\/index.php?rest_route=\/wp\/v2\/posts\/223\/revisions"}],"wp:attachment":[{"href":"https:\/\/www.desdegranada.com\/site\/index.php?rest_route=%2Fwp%2Fv2%2Fmedia&parent=223"}],"wp:term":[{"taxonomy":"category","embeddable":true,"href":"https:\/\/www.desdegranada.com\/site\/index.php?rest_route=%2Fwp%2Fv2%2Fcategories&post=223"},{"taxonomy":"post_tag","embeddable":true,"href":"https:\/\/www.desdegranada.com\/site\/index.php?rest_route=%2Fwp%2Fv2%2Ftags&post=223"}],"curies":[{"name":"wp","href":"https:\/\/api.w.org\/{rel}","templated":true}]}}