{"id":224,"date":"2020-05-15T21:07:38","date_gmt":"2020-05-15T21:07:38","guid":{"rendered":"https:\/\/www.desdegranada.com\/site\/?p=224"},"modified":"2020-05-15T21:07:38","modified_gmt":"2020-05-15T21:07:38","slug":"avanzan-jornadas-de-vacunacion-contra-la-influenza-en-el-municipio","status":"publish","type":"post","link":"https:\/\/www.desdegranada.com\/site\/?p=224","title":{"rendered":"Avanzan jornadas de vacunaci\u00f3n contra la influenza en el municipio"},"content":{"rendered":"<p style=\"text-align: justify;\">\u201cEl objetivo es llevar el servicio de vacunaci\u00f3n hasta las casas de las personas de alto riesgo para que no tengan que ir al hospital y no tengan problemas en su estado de salud\u201d, explic\u00f3 Luz Eneida Palacio, encargada del programa de vacunaci\u00f3n del hospital.<\/p>\n<p style=\"text-align: justify;\"><img decoding=\"async\" src=\"images\/vacunacin_2020.jpg\" alt=\"\" \/><\/p>\n<p style=\"text-align: justify;\">Tambi\u00e9n est\u00e1n dentro de la poblaci\u00f3n objeto las personas con diabetes, c\u00e1ncer, VIH o enfermedades relacionadas con afecciones respiratorias. Respecto a las personas que padezcan alguna de estas patolog\u00edas, la vacunadora destac\u00f3 que \u201csin importar la edad, todos tienen derecho a la vacuna totalmente gratis\u201d.<\/p>\n<p style=\"text-align: justify;\">Durante el recorrido por los sectores y para hacer un cubrimiento total de los grupos poblacionales antes relacionados, se est\u00e1 solicitando a las familias ubicar un distintivo de color amarillo en la puerta o ventana de la casa para llegar con la vacuna.<\/p>\n","protected":false},"excerpt":{"rendered":"<p style=\"text-align: justify;\">A partir del 12 de mayo, el hospital Padre Clemente Giraldo y la direcci\u00f3n local de salud, por medio del equipo m\u00f3vil de vacunaci\u00f3n, se encuentra visitando cada uno de los sectores del municipio con miras a suministrar la vacuna contra la influenza a los adultos mayores de 60 a\u00f1os, las madres gestantes y los menores entre los 6 y 23 meses, que son la poblaci\u00f3n m\u00e1s vulnerable.<\/p>\n","protected":false},"author":1,"featured_media":0,"comment_status":"open","ping_status":"open","sticky":false,"template":"","format":"standard","meta":{"footnotes":""},"categories":[19],"tags":[],"class_list":["post-224","post","type-post","status-publish","format-standard","hentry","category-noticias"],"_links":{"self":[{"href":"https:\/\/www.desdegranada.com\/site\/index.php?rest_route=\/wp\/v2\/posts\/224","targetHints":{"allow":["GET"]}}],"collection":[{"href":"https:\/\/www.desdegranada.com\/site\/index.php?rest_route=\/wp\/v2\/posts"}],"about":[{"href":"https:\/\/www.desdegranada.com\/site\/index.php?rest_route=\/wp\/v2\/types\/post"}],"author":[{"embeddable":true,"href":"https:\/\/www.desdegranada.com\/site\/index.php?rest_route=\/wp\/v2\/users\/1"}],"replies":[{"embeddable":true,"href":"https:\/\/www.desdegranada.com\/site\/index.php?rest_route=%2Fwp%2Fv2%2Fcomments&post=224"}],"version-history":[{"count":0,"href":"https:\/\/www.desdegranada.com\/site\/index.php?rest_route=\/wp\/v2\/posts\/224\/revisions"}],"wp:attachment":[{"href":"https:\/\/www.desdegranada.com\/site\/index.php?rest_route=%2Fwp%2Fv2%2Fmedia&parent=224"}],"wp:term":[{"taxonomy":"category","embeddable":true,"href":"https:\/\/www.desdegranada.com\/site\/index.php?rest_route=%2Fwp%2Fv2%2Fcategories&post=224"},{"taxonomy":"post_tag","embeddable":true,"href":"https:\/\/www.desdegranada.com\/site\/index.php?rest_route=%2Fwp%2Fv2%2Ftags&post=224"}],"curies":[{"name":"wp","href":"https:\/\/api.w.org\/{rel}","templated":true}]}}