{"id":225,"date":"2020-05-16T21:22:23","date_gmt":"2020-05-16T21:22:23","guid":{"rendered":"https:\/\/www.desdegranada.com\/site\/?p=225"},"modified":"2020-05-16T21:22:23","modified_gmt":"2020-05-16T21:22:23","slug":"nuevas-medidas-para-granada-en-medio-del-aislamiento-preventivo-obligatorio","status":"publish","type":"post","link":"https:\/\/www.desdegranada.com\/site\/?p=225","title":{"rendered":"Nuevas medidas para Granada en medio del aislamiento preventivo obligatorio"},"content":{"rendered":"<p style=\"text-align: justify;\">En este sentido, a partir de este s\u00e1bado 16 de mayo entre las 9 de la noche y las 5 de la ma\u00f1ana, queda prohibida la circulaci\u00f3n de veh\u00edculos y personas, \u201cesto buscando que en nuestro municipio se lleve un control m\u00e1s riguroso de la salida y el ingreso de veh\u00edculos y personas. Ante todo, es hacer un frente com\u00fan con respecto a la protecci\u00f3n de todos nuestros habitantes\u201d, manifest\u00f3 el mandatario local Freddy Casta\u00f1o Aristiz\u00e1bal.<\/p>\n<p style=\"text-align: justify;\"><img decoding=\"async\" src=\"images\/Nuevas_medidas_covid_-_19.jpg\" alt=\"\" \/><\/p>\n<p style=\"text-align: justify;\">El alcalde agreg\u00f3 que \u201clas personas que ingresen desde otros territorios a nuestro municipio con la autorizaci\u00f3n expedida en esos lugares, deben de llegar y guardar inmediatamente aislamiento obligatorio por catorce (14) d\u00edas y reportarse ante el hospital y la direcci\u00f3n local de salud\u201d.<\/p>\n<p style=\"text-align: justify;\">Por otra parte, las personas que gocen de las excepciones contempladas en el decreto 636 del 6 de mayo de 2020, deben probarlo con el documento respectivo o permiso. Adem\u00e1s, durante la vigencia de las nuevas medidas, se mantienen los puestos de control instalados en las v\u00edas de acceso al municipio. \u00a0<\/p>\n","protected":false},"excerpt":{"rendered":"<p style=\"text-align: justify;\">A las ya conocidas medidas impuestas desde el gobierno nacional, desde la administraci\u00f3n municipal se reglamentaron normas adicionales encaminadas a la protecci\u00f3n de la comunidad granadina durante el aislamiento preventivo obligatorio.<\/p>\n","protected":false},"author":1,"featured_media":0,"comment_status":"open","ping_status":"open","sticky":false,"template":"","format":"standard","meta":{"footnotes":""},"categories":[19],"tags":[],"class_list":["post-225","post","type-post","status-publish","format-standard","hentry","category-noticias"],"_links":{"self":[{"href":"https:\/\/www.desdegranada.com\/site\/index.php?rest_route=\/wp\/v2\/posts\/225","targetHints":{"allow":["GET"]}}],"collection":[{"href":"https:\/\/www.desdegranada.com\/site\/index.php?rest_route=\/wp\/v2\/posts"}],"about":[{"href":"https:\/\/www.desdegranada.com\/site\/index.php?rest_route=\/wp\/v2\/types\/post"}],"author":[{"embeddable":true,"href":"https:\/\/www.desdegranada.com\/site\/index.php?rest_route=\/wp\/v2\/users\/1"}],"replies":[{"embeddable":true,"href":"https:\/\/www.desdegranada.com\/site\/index.php?rest_route=%2Fwp%2Fv2%2Fcomments&post=225"}],"version-history":[{"count":0,"href":"https:\/\/www.desdegranada.com\/site\/index.php?rest_route=\/wp\/v2\/posts\/225\/revisions"}],"wp:attachment":[{"href":"https:\/\/www.desdegranada.com\/site\/index.php?rest_route=%2Fwp%2Fv2%2Fmedia&parent=225"}],"wp:term":[{"taxonomy":"category","embeddable":true,"href":"https:\/\/www.desdegranada.com\/site\/index.php?rest_route=%2Fwp%2Fv2%2Fcategories&post=225"},{"taxonomy":"post_tag","embeddable":true,"href":"https:\/\/www.desdegranada.com\/site\/index.php?rest_route=%2Fwp%2Fv2%2Ftags&post=225"}],"curies":[{"name":"wp","href":"https:\/\/api.w.org\/{rel}","templated":true}]}}