{"id":227,"date":"2020-05-18T22:23:08","date_gmt":"2020-05-18T22:23:08","guid":{"rendered":"https:\/\/www.desdegranada.com\/site\/?p=227"},"modified":"2020-05-18T22:23:08","modified_gmt":"2020-05-18T22:23:08","slug":"atencion-ganaderos-inicio-primer-ciclo-de-vacunacion-contra-la-aftosa-y-brucelosis-bovina","status":"publish","type":"post","link":"https:\/\/www.desdegranada.com\/site\/?p=227","title":{"rendered":"\u00a1Atenci\u00f3n ganaderos! Inici\u00f3 primer ciclo de vacunaci\u00f3n contra la aftosa y brucelosis bovina"},"content":{"rendered":"<p style=\"text-align: justify;\">\u201cEs obligatorio que cada seis meses los ganaderos vacunen todo el ganado. La fiebre aftosa, el pa\u00eds est\u00e1 libre de esta enfermedad, pero con vacunaci\u00f3n; la brucelosis, que es una enfermedad reproductiva, es obligatoria solamente para hembras entre los tres y los 8 meses\u201d, explic\u00f3 Jessica Cruz, coordinadora de la oficina ambiental del municipio.<\/p>\n<p style=\"text-align: justify;\">Fedegan a trav\u00e9s del fondo nacional del ganado, programa los vacunadores en cada uno de los municipios de todo el territorio nacional. La dosis de aftosa tiene un valor de $1.200 pesos, la de RB51 es de $4.600 pesos y la cepa19 es subsidiada por el Fondo Nacional del Ganado.<\/p>\n<p style=\"text-align: justify;\">\u201cHay cuatro vacunadores que est\u00e1n divididos en diferentes veredas. Ellos van, llaman a cada productor, tambi\u00e9n llamamos a todos los presidentes de las juntas y ellos hacen todo el recorrido de vacunaci\u00f3n, hacen el reporte a FEDEGAN quien a su vez nos reporta a nosotros quienes vacunaron\u201d, detall\u00f3 la funcionaria.<\/p>\n<p style=\"text-align: justify;\">El registro \u00fanico de vacunaci\u00f3n se convierte en requisito indispensable para expedir la licencia de movilizaci\u00f3n de los bovinos para la compra y venta. Se recomienda a todos los ganaderos estar atentos a la visita de los vacunadores y tener los animales recogidos para facilitar esta labor.<\/p>\n<p style=\"text-align: justify;\"><strong>Programaci\u00f3n ciclo de vacunaci\u00f3n 1 -2020<\/strong><\/p>\n<p style=\"text-align: justify;\"><strong>Vacunador Didier Giraldo Cel: 322 733 36 92<\/strong><\/p>\n<p style=\"text-align: justify;\">&#8211; El Roblal, San Francisco, Las Palmas, La Florida, El Oso, Buenavista, del 18 al 29 de mayo.<\/p>\n<p>&#8211; La Quiebra del 30 de mayo al 1 de junio.<\/p>\n<p>&#8211; La Merced del 2 al 3 de junio.<\/p>\n<p>&#8211; Cristalina Cruces del 4 al 8 de junio.<\/p>\n<p>&#8211; La Primavera del 9 al 13 de junio.<\/p>\n<p>&#8211; San Miguel 14 de junio.<\/p>\n<p><strong>Vacunador Luis Sierra Cel: 314 629 04 00<\/strong><\/p>\n<p>&#8211; La Estrella, Bella Mar\u00eda, La Arenosa, La Mar\u00eda, El Tablazo del 18 al 31 de mayo.<\/p>\n<p>&#8211; La Aguada del 1 al 4 de junio.<\/p>\n<p>&#8211; Malpaso del 5 al 10 de junio.<\/p>\n<p>&#8211; Campo Alegre del 11 al 13 de junio.<\/p>\n<p>&#8211; San Miguel 14 de junio.<\/p>\n<p>&#8211; El Chuscal del 15 al 18 de junio.<\/p>\n<p><strong>Vacunador Freddy Giraldo Cel: 312 795 91 76<\/strong><\/p>\n<p>&#8211; El Morro, La Linda, La Gaviota del 18 al 23 de mayo.<\/p>\n<p>&#8211; Los Medios del 24 al 29 de mayo.<\/p>\n<p>&#8211; El Ed\u00e9n y El Tabor del 30 de mayo al 6 de junio.<\/p>\n<p>&#8211; Tafetanes del 7 al 13 de junio.<\/p>\n<p>&#8211; San Miguel 14 de junio.<\/p>\n<p>&#8211; La Aurora del 15 al 17 de junio.<\/p>\n<p>\u00a0<\/p>\n<p>Del 18 de junio al 1 de julio veredas La Milagrosa, Minitas, Vahitos, San Mat\u00edas, La MAr\u00eda, Reyes, El Jard\u00edn, Las Vegas, El Vergel, El Concilio, San Esteban, Cristalina Cebadero y zona urbana.<\/p>\n<p>Mayor informaci\u00f3n con Ximena Hern\u00e1ndez al celular 318 312 28 32.<\/p>\n","protected":false},"excerpt":{"rendered":"<p style=\"text-align: justify;\">A Granada tambi\u00e9n lleg\u00f3 el primer ciclo de vacunaci\u00f3n 2020 contra la fiebre aftosa y la brucelosis bovina, que en el territorio nacional tendr\u00e1 lugar entre el 18 de mayo y el 1 de julio.<\/p>\n","protected":false},"author":1,"featured_media":0,"comment_status":"open","ping_status":"open","sticky":false,"template":"","format":"standard","meta":{"footnotes":""},"categories":[19],"tags":[],"class_list":["post-227","post","type-post","status-publish","format-standard","hentry","category-noticias"],"_links":{"self":[{"href":"https:\/\/www.desdegranada.com\/site\/index.php?rest_route=\/wp\/v2\/posts\/227","targetHints":{"allow":["GET"]}}],"collection":[{"href":"https:\/\/www.desdegranada.com\/site\/index.php?rest_route=\/wp\/v2\/posts"}],"about":[{"href":"https:\/\/www.desdegranada.com\/site\/index.php?rest_route=\/wp\/v2\/types\/post"}],"author":[{"embeddable":true,"href":"https:\/\/www.desdegranada.com\/site\/index.php?rest_route=\/wp\/v2\/users\/1"}],"replies":[{"embeddable":true,"href":"https:\/\/www.desdegranada.com\/site\/index.php?rest_route=%2Fwp%2Fv2%2Fcomments&post=227"}],"version-history":[{"count":0,"href":"https:\/\/www.desdegranada.com\/site\/index.php?rest_route=\/wp\/v2\/posts\/227\/revisions"}],"wp:attachment":[{"href":"https:\/\/www.desdegranada.com\/site\/index.php?rest_route=%2Fwp%2Fv2%2Fmedia&parent=227"}],"wp:term":[{"taxonomy":"category","embeddable":true,"href":"https:\/\/www.desdegranada.com\/site\/index.php?rest_route=%2Fwp%2Fv2%2Fcategories&post=227"},{"taxonomy":"post_tag","embeddable":true,"href":"https:\/\/www.desdegranada.com\/site\/index.php?rest_route=%2Fwp%2Fv2%2Ftags&post=227"}],"curies":[{"name":"wp","href":"https:\/\/api.w.org\/{rel}","templated":true}]}}