{"id":228,"date":"2020-05-20T17:30:37","date_gmt":"2020-05-20T17:30:37","guid":{"rendered":"https:\/\/www.desdegranada.com\/site\/?p=228"},"modified":"2020-05-20T17:30:37","modified_gmt":"2020-05-20T17:30:37","slug":"huertas-caseras-para-promover-el-cultivo-de-los-propios-alimentos","status":"publish","type":"post","link":"https:\/\/www.desdegranada.com\/site\/?p=228","title":{"rendered":"Huertas caseras para promover el cultivo de los propios alimentos"},"content":{"rendered":"<p style=\"text-align: justify;\">\u201cQueremos incentivar la siembra de las huertas desde la parte urbana. La huerta es algo muy f\u00e1cil que podemos hacer y no necesita de grandes inversiones ni esfuerzos, pero si va a traer unas grandes recompensas que es una excelente alimentaci\u00f3n y una vida m\u00e1s sana\u201d, dijo Francisco Naranjo, agr\u00f3nomo de Coogranda.<\/p>\n<p style=\"text-align: justify;\">El kit de pl\u00e1ntulas est\u00e1 compuesto por cebolla de huevo, cebolla de rama, cebolla puerro, lechuga crespa, repollo morado, albahaca, tomate de ali\u00f1o, perejil crespo, remolacha, apio y acelga, entre otras.<\/p>\n<p style=\"text-align: justify;\"><img decoding=\"async\" src=\"images\/Huertas_caseras.jpg\" alt=\"\" \/><\/p>\n<p style=\"text-align: justify;\">\u201cMe encanta esta idea porque a m\u00ed me encanta mucho la tierra y tengo un patio y yo he estado bregando a sembrar\u201d, expres\u00f3 Mar\u00eda Nelly Su\u00e1rez G\u00f3mez.<\/p>\n<p style=\"text-align: justify;\">Gloria Garc\u00eda Herrera por su parte cont\u00f3 \u201cme gustan mucho las planticas, el cilantro, la cebolla y el repollo tambi\u00e9n. Las puede tener uno en la casa, hasta en ollas, en cocas o en lo que uno quiera\u201d.<\/p>\n<p style=\"text-align: justify;\">A la hora de la entrega de las huertas, tambi\u00e9n se dieron instrucciones referentes a la siembra, como son la distancia entre\u00a0plantas\u00a0y el control de plagas.<\/p>\n<p style=\"text-align: justify;\">Las personas de Granada que a\u00fan deseen tener una huerta en su casa, se pueden comunicar al 312 296 52 28. Dicha iniciativa tambi\u00e9n se pretende\u00a0desarrollar en el\u00a0corregimiento de Santa Ana, el n\u00famero de contacto es el 321 754 59 81.<\/p>\n","protected":false},"excerpt":{"rendered":"<p style=\"text-align: justify;\">La administraci\u00f3n municipal, la cooperativa Coogranada y la Universidad de Antioquia a trav\u00e9s del programa psicosocial, han venido entregando a la poblaci\u00f3n urbana del municipio huertas caseras con miras a promover la soberan\u00eda alimentaria dentro de la poblaci\u00f3n.<\/p>\n","protected":false},"author":1,"featured_media":0,"comment_status":"open","ping_status":"open","sticky":false,"template":"","format":"standard","meta":{"footnotes":""},"categories":[19],"tags":[],"class_list":["post-228","post","type-post","status-publish","format-standard","hentry","category-noticias"],"_links":{"self":[{"href":"https:\/\/www.desdegranada.com\/site\/index.php?rest_route=\/wp\/v2\/posts\/228","targetHints":{"allow":["GET"]}}],"collection":[{"href":"https:\/\/www.desdegranada.com\/site\/index.php?rest_route=\/wp\/v2\/posts"}],"about":[{"href":"https:\/\/www.desdegranada.com\/site\/index.php?rest_route=\/wp\/v2\/types\/post"}],"author":[{"embeddable":true,"href":"https:\/\/www.desdegranada.com\/site\/index.php?rest_route=\/wp\/v2\/users\/1"}],"replies":[{"embeddable":true,"href":"https:\/\/www.desdegranada.com\/site\/index.php?rest_route=%2Fwp%2Fv2%2Fcomments&post=228"}],"version-history":[{"count":0,"href":"https:\/\/www.desdegranada.com\/site\/index.php?rest_route=\/wp\/v2\/posts\/228\/revisions"}],"wp:attachment":[{"href":"https:\/\/www.desdegranada.com\/site\/index.php?rest_route=%2Fwp%2Fv2%2Fmedia&parent=228"}],"wp:term":[{"taxonomy":"category","embeddable":true,"href":"https:\/\/www.desdegranada.com\/site\/index.php?rest_route=%2Fwp%2Fv2%2Fcategories&post=228"},{"taxonomy":"post_tag","embeddable":true,"href":"https:\/\/www.desdegranada.com\/site\/index.php?rest_route=%2Fwp%2Fv2%2Ftags&post=228"}],"curies":[{"name":"wp","href":"https:\/\/api.w.org\/{rel}","templated":true}]}}