{"id":230,"date":"2020-05-23T15:47:53","date_gmt":"2020-05-23T15:47:53","guid":{"rendered":"https:\/\/www.desdegranada.com\/site\/?p=230"},"modified":"2020-05-23T15:47:53","modified_gmt":"2020-05-23T15:47:53","slug":"llega-nueva-gerente-al-hospital-padre-clemente-giraldo","status":"publish","type":"post","link":"https:\/\/www.desdegranada.com\/site\/?p=230","title":{"rendered":"Llega nueva gerente al Hospital Padre Clemente Giraldo"},"content":{"rendered":"<p style=\"text-align: justify;\">\u00abMis expectativas son aprender much\u00edsimo, continuar con la l\u00ednea de los procesos, porque el hospital ha venido realizando un muy buen trabajo con la comunidad. Es fortalecer lo que haya que fortalecer y mejorar lo que haya que mejorar\u00bb, manifest\u00f3.<\/p>\n<p style=\"text-align: justify;\">Dentro de su recorrido profesional, Londo\u00f1o ha laborado en el Hospital ESE Carisma como asesora de asistencia t\u00e9cnica departamental en los municipios de Argelia, Nari\u00f1o, Sons\u00f3n, San Vicente y Concepci\u00f3n, posteriormente se desempe\u00f1\u00f3 en atenci\u00f3n a los habitantes de calle con la secretar\u00eda de\u00a0inclusi\u00f3n social y familia\u00a0de Medell\u00edn, y en el municipio de El Santuario como secretaria de protecci\u00f3n social.<\/p>\n<p>\u00a0<\/p>\n","protected":false},"excerpt":{"rendered":"<p style=\"text-align: justify;\">Aleyda Londo\u00f1o Henao, psic\u00f3loga especialista en intervenci\u00f3n psicosocial asumi\u00f3 desde el pasado 18 de mayo como nueva gerente de la ESE Hospital Padre Clemente Giraldo de Granada.<\/p>\n","protected":false},"author":1,"featured_media":0,"comment_status":"open","ping_status":"open","sticky":false,"template":"","format":"standard","meta":{"footnotes":""},"categories":[19],"tags":[],"class_list":["post-230","post","type-post","status-publish","format-standard","hentry","category-noticias"],"_links":{"self":[{"href":"https:\/\/www.desdegranada.com\/site\/index.php?rest_route=\/wp\/v2\/posts\/230","targetHints":{"allow":["GET"]}}],"collection":[{"href":"https:\/\/www.desdegranada.com\/site\/index.php?rest_route=\/wp\/v2\/posts"}],"about":[{"href":"https:\/\/www.desdegranada.com\/site\/index.php?rest_route=\/wp\/v2\/types\/post"}],"author":[{"embeddable":true,"href":"https:\/\/www.desdegranada.com\/site\/index.php?rest_route=\/wp\/v2\/users\/1"}],"replies":[{"embeddable":true,"href":"https:\/\/www.desdegranada.com\/site\/index.php?rest_route=%2Fwp%2Fv2%2Fcomments&post=230"}],"version-history":[{"count":0,"href":"https:\/\/www.desdegranada.com\/site\/index.php?rest_route=\/wp\/v2\/posts\/230\/revisions"}],"wp:attachment":[{"href":"https:\/\/www.desdegranada.com\/site\/index.php?rest_route=%2Fwp%2Fv2%2Fmedia&parent=230"}],"wp:term":[{"taxonomy":"category","embeddable":true,"href":"https:\/\/www.desdegranada.com\/site\/index.php?rest_route=%2Fwp%2Fv2%2Fcategories&post=230"},{"taxonomy":"post_tag","embeddable":true,"href":"https:\/\/www.desdegranada.com\/site\/index.php?rest_route=%2Fwp%2Fv2%2Ftags&post=230"}],"curies":[{"name":"wp","href":"https:\/\/api.w.org\/{rel}","templated":true}]}}