{"id":231,"date":"2020-05-26T14:34:12","date_gmt":"2020-05-26T14:34:12","guid":{"rendered":"https:\/\/www.desdegranada.com\/site\/?p=231"},"modified":"2020-05-26T14:34:12","modified_gmt":"2020-05-26T14:34:12","slug":"se-amplia-horario-de-establecimientos-de-comercio-en-granada-hasta-las-500-pm","status":"publish","type":"post","link":"https:\/\/www.desdegranada.com\/site\/?p=231","title":{"rendered":"Se ampl\u00eda horario de establecimientos de comercio en Granada hasta las 5:00 PM"},"content":{"rendered":"<p style=\"text-align: justify;\">Argumentando la no presencia de casos activos de covid-19 en Granada, desde la administraci\u00f3n municipal se decret\u00f3 que, <strong><em>a partir de este martes 26 de mayo, el horario de los establecimientos de comercio establecidos dentro de las excepciones ser\u00e1 todos los d\u00edas hasta las 5:00p.m.<\/em><\/strong> siguiendo los protocolos de bioseguridad como uso de tapabocas, distanciamiento social y desinfecci\u00f3n.<\/p>\n<p style=\"text-align: justify;\"><img decoding=\"async\" src=\"images\/Negocios_apertura_2.jpg\" alt=\"\" \/><\/p>\n<p style=\"text-align: justify;\">\u201cEsto implica mayor disciplina, m\u00e1s responsabilidad de los due\u00f1os de los establecimientos, mayor compromiso, porque hemos trabajado muy de la mano en el entendido de que prestan ellos un valioso servicio a nuestra comunidad, pero tambi\u00e9n tenemos que tener el compromiso de corresponsablemente ayudar para que en nuestra localidad no se presenten ning\u00fan tipo de contagios\u201d, fue la invitaci\u00f3n hecha por el mandatario local Freddy Casta\u00f1o Aristiz\u00e1bal tras dar a conocer esta nueva medida.<\/p>\n<p style=\"text-align: justify;\">No se reanudar\u00e1n todav\u00eda procesos como los de la casa de la cultura y pr\u00e1ctica deportiva, el transporte intermunicipal, as\u00ed como la feria de ganado que mantienen la restricci\u00f3n de apertura al igual que bares, cantinas, discotecas, gimnasios, centros recreativos, piscinas, y dem\u00e1s lugares donde se realicen actividades comunitarias.<\/p>\n<p style=\"text-align: justify;\">En el municipio se han tomado un total de 10 pruebas de coronavirus, mientras que 22 personas permanecen en aislamiento.<\/p>\n","protected":false},"excerpt":{"rendered":"<p style=\"text-align: justify;\">En medio de la emergencia sanitaria que se extiende en el territorio nacional hasta el 31 de agosto y el aislamiento obligatorio que contin\u00faa hasta el 31 de mayo, que buscan la preservaci\u00f3n y el cuidado de la salud de los colombianos, se han ido generando estrategias que permitan la reactivaci\u00f3n gradual de la din\u00e1mica econ\u00f3mica y social de los territorios.<\/p>\n","protected":false},"author":1,"featured_media":0,"comment_status":"open","ping_status":"open","sticky":false,"template":"","format":"standard","meta":{"footnotes":""},"categories":[19],"tags":[],"class_list":["post-231","post","type-post","status-publish","format-standard","hentry","category-noticias"],"_links":{"self":[{"href":"https:\/\/www.desdegranada.com\/site\/index.php?rest_route=\/wp\/v2\/posts\/231","targetHints":{"allow":["GET"]}}],"collection":[{"href":"https:\/\/www.desdegranada.com\/site\/index.php?rest_route=\/wp\/v2\/posts"}],"about":[{"href":"https:\/\/www.desdegranada.com\/site\/index.php?rest_route=\/wp\/v2\/types\/post"}],"author":[{"embeddable":true,"href":"https:\/\/www.desdegranada.com\/site\/index.php?rest_route=\/wp\/v2\/users\/1"}],"replies":[{"embeddable":true,"href":"https:\/\/www.desdegranada.com\/site\/index.php?rest_route=%2Fwp%2Fv2%2Fcomments&post=231"}],"version-history":[{"count":0,"href":"https:\/\/www.desdegranada.com\/site\/index.php?rest_route=\/wp\/v2\/posts\/231\/revisions"}],"wp:attachment":[{"href":"https:\/\/www.desdegranada.com\/site\/index.php?rest_route=%2Fwp%2Fv2%2Fmedia&parent=231"}],"wp:term":[{"taxonomy":"category","embeddable":true,"href":"https:\/\/www.desdegranada.com\/site\/index.php?rest_route=%2Fwp%2Fv2%2Fcategories&post=231"},{"taxonomy":"post_tag","embeddable":true,"href":"https:\/\/www.desdegranada.com\/site\/index.php?rest_route=%2Fwp%2Fv2%2Ftags&post=231"}],"curies":[{"name":"wp","href":"https:\/\/api.w.org\/{rel}","templated":true}]}}