{"id":232,"date":"2020-05-27T19:29:38","date_gmt":"2020-05-27T19:29:38","guid":{"rendered":"https:\/\/www.desdegranada.com\/site\/?p=232"},"modified":"2020-05-27T19:29:38","modified_gmt":"2020-05-27T19:29:38","slug":"una-historia-de-alegria-y-humildad-hector-jaime-lopez-hoyos","status":"publish","type":"post","link":"https:\/\/www.desdegranada.com\/site\/?p=232","title":{"rendered":"Una historia de alegr\u00eda y humildad: H\u00e9ctor Jaime L\u00f3pez Hoyos"},"content":{"rendered":"<p style=\"text-align: justify;\">H\u00e9ctor Jaime L\u00f3pez Hoyos, oriundo de la vereda Los Medios, ubicada en la cuenca Calderas, cambi\u00f3, obligado por la ola de violencia, su d\u00eda a d\u00eda entre surcos de productos agr\u00edcolas por recorridos por las calles de Granada empujando una carreta en la que generalmente carga costalados de material reciclable como cart\u00f3n, pl\u00e1stico y vidrio.<\/p>\n<p style=\"text-align: justify;\"><img loading=\"lazy\" decoding=\"async\" src=\"images\/Hector_Lopez_1.jpg\" alt=\"\" width=\"744\" height=\"435\" \/><\/p>\n<p style=\"text-align: justify;\">De ese tiempo en su vereda H\u00e9ctor \u2018Cascarita\u2019 como tambi\u00e9n es conocido, recuerda \u201cyo jornaleaba 2 d\u00edas en la semana donde mam\u00e1; donde un cu\u00f1ado, trabajaba 3 y ya el s\u00e1bado me quedaba para m\u00ed, que ten\u00eda un lotecito\u201d.<\/p>\n<p style=\"text-align: justify;\">Son ya cerca de 25 a\u00f1os los que \u00e9l lleva radicado en la zona urbana de Granada. \u201cDespu\u00e9s de que nos desplazamos, me dijeron que si trabajaba en esto y aqu\u00ed estamos al pie del ca\u00f1\u00f3n\u201d.<\/p>\n<p style=\"text-align: justify;\">El recorrido que hacen don H\u00e9ctor y otros dos o tres compa\u00f1eros suyos cada semana por las diferentes calles del municipio inicia un poco antes de las 8 de la ma\u00f1ana y culmina a eso de las 4 y treinta de la tarde por el sector de La Ca\u00f1ada, donde est\u00e1 ubicada la bodega.<\/p>\n<p style=\"text-align: justify;\">\u201cLo recogemos de las calles, de las casas, lo traemos para ac\u00e1 (una bodega) y al mes o dos meses, a no m\u00e1s se separa, lo echamos a vender. Nos brincan mucho porque no nos traemos todo y uno lo que le dice es que uno trae lo que sirve\u201d.<\/p>\n<p style=\"text-align: justify;\">Por cerca de quince d\u00edas particip\u00f3 de una serie de capacitaciones con Cornare y la Empresa de Servicios p\u00fablicos de Granada para conocer sobre el proceso de separaci\u00f3n y los cuidados que como recolectores deben tener.<\/p>\n<p style=\"text-align: justify;\">\u201cNos dijeron ah\u00ed c\u00f3mo era el manejo, c\u00f3mo debemos de cuidarnos y nos dieron un diploma y uno hasta ese momento sabe los qu\u00e9 es reciclaje y lo qu\u00e9 es basura. Es importante reciclar pa cuidar el medio ambiente, pa que el relleno no se llene muy ligero y se trae pa ac\u00e1 todo lo que pueda servir, lo que se pueda volver a utilizar como el dicho\u201d.<\/p>\n<p style=\"text-align: justify;\"><img loading=\"lazy\" decoding=\"async\" src=\"images\/Hector_Lopez_2.jpg\" alt=\"\" width=\"744\" height=\"435\" \/><\/p>\n<p style=\"text-align: justify;\">Hecticor es un hombre que ama su tierra, Granada, \u201ca todos nos gusta el pueblo, aqu\u00ed es muy bueno. Los que estamos aqu\u00ed en el pueblo porque no podemos echar m\u00e1s pa delante, es mejor aqu\u00ed en el pueblo que nos va un poquito mejor\u201d.<\/p>\n<p style=\"text-align: justify;\"><iframe loading=\"lazy\" src=\"\/\/www.youtube.com\/embed\/vskjdt_-JIw\" width=\"560\" height=\"314\" allowfullscreen=\"allowfullscreen\"><\/iframe><\/p>\n","protected":false},"excerpt":{"rendered":"<p style=\"text-align: justify;\"><em>Un grito casi cantado de \u201creeeciclajeee\u201d sumado a su caminar acelerado, hacen que sea un personaje inconfundible cada vez que se le escucha o se le ve por las calles del municipio, sea en las jornadas de recolecci\u00f3n del material aprovechable que lleva a cabo los d\u00edas jueves o departiendo en cualquier esquina de la localidad con alg\u00fan amigo.<\/em><\/p>\n","protected":false},"author":1,"featured_media":0,"comment_status":"open","ping_status":"open","sticky":false,"template":"","format":"standard","meta":{"footnotes":""},"categories":[20],"tags":[],"class_list":["post-232","post","type-post","status-publish","format-standard","hentry","category-columnistas"],"_links":{"self":[{"href":"https:\/\/www.desdegranada.com\/site\/index.php?rest_route=\/wp\/v2\/posts\/232","targetHints":{"allow":["GET"]}}],"collection":[{"href":"https:\/\/www.desdegranada.com\/site\/index.php?rest_route=\/wp\/v2\/posts"}],"about":[{"href":"https:\/\/www.desdegranada.com\/site\/index.php?rest_route=\/wp\/v2\/types\/post"}],"author":[{"embeddable":true,"href":"https:\/\/www.desdegranada.com\/site\/index.php?rest_route=\/wp\/v2\/users\/1"}],"replies":[{"embeddable":true,"href":"https:\/\/www.desdegranada.com\/site\/index.php?rest_route=%2Fwp%2Fv2%2Fcomments&post=232"}],"version-history":[{"count":0,"href":"https:\/\/www.desdegranada.com\/site\/index.php?rest_route=\/wp\/v2\/posts\/232\/revisions"}],"wp:attachment":[{"href":"https:\/\/www.desdegranada.com\/site\/index.php?rest_route=%2Fwp%2Fv2%2Fmedia&parent=232"}],"wp:term":[{"taxonomy":"category","embeddable":true,"href":"https:\/\/www.desdegranada.com\/site\/index.php?rest_route=%2Fwp%2Fv2%2Fcategories&post=232"},{"taxonomy":"post_tag","embeddable":true,"href":"https:\/\/www.desdegranada.com\/site\/index.php?rest_route=%2Fwp%2Fv2%2Ftags&post=232"}],"curies":[{"name":"wp","href":"https:\/\/api.w.org\/{rel}","templated":true}]}}