{"id":233,"date":"2020-05-30T16:21:23","date_gmt":"2020-05-30T16:21:23","guid":{"rendered":"https:\/\/www.desdegranada.com\/site\/?p=233"},"modified":"2020-05-30T16:21:23","modified_gmt":"2020-05-30T16:21:23","slug":"volvieron-los-viernes-culturales-esta-vez-a-los-sectores-del-municipio","status":"publish","type":"post","link":"https:\/\/www.desdegranada.com\/site\/?p=233","title":{"rendered":"Volvieron los viernes culturales, esta vez a los sectores del municipio"},"content":{"rendered":"<p style=\"text-align: justify;\">Entre las 4 de la tarde y las 7 de la noche la comunidad tuvo la posibilidad de disfrutar de una variada programaci\u00f3n cultural y por supuesto, mostrar sus talentos, eso s\u00ed, cumpliendo con las medidas como el uso del tapabocas y el distanciamiento social.<\/p>\n<p style=\"text-align: justify;\"><img decoding=\"async\" src=\"images\/Viernes_culturales.jpg\" alt=\"\" \/><\/p>\n<p style=\"text-align: justify;\">\u201cAlgunas de las actividades de la casa de la cultura ser\u00e1n llevadas a todos los barrios, generando otro tipo de eventos culturales en el municipio, generando conocimiento a trav\u00e9s de las diferentes artes tradicionales\u201d, explic\u00f3 Esteban Giraldo casta\u00f1o, coordinador de la casa de la cultura sobre el inicio de estas jornadas.<\/p>\n<p style=\"text-align: justify;\">Con la entrega de libros, ejercicios de escritura y la propuesta \u2018p\u00edntela como quiera\u2019, se busca desde la casa de la cultura que los ni\u00f1os y la comunidad en general rompan con la rutina en estos d\u00edas de aislamiento y expresen a trav\u00e9s del arte sus sentimientos y estados de \u00e1nimo.<\/p>\n","protected":false},"excerpt":{"rendered":"<p style=\"text-align: justify;\">Teatro, danza, pintura, escritura y m\u00fasica, fueron algunas de las muestras con las que el equipo de trabajo de la casa de la cultura Ram\u00f3n Eduardo Duque con el apoyo de la Alianza por Granada, deleit\u00f3 a los habitantes del sector Bello Horizonte en el regreso de los viernes culturales.<\/p>\n","protected":false},"author":1,"featured_media":0,"comment_status":"open","ping_status":"open","sticky":false,"template":"","format":"standard","meta":{"footnotes":""},"categories":[19],"tags":[],"class_list":["post-233","post","type-post","status-publish","format-standard","hentry","category-noticias"],"_links":{"self":[{"href":"https:\/\/www.desdegranada.com\/site\/index.php?rest_route=\/wp\/v2\/posts\/233","targetHints":{"allow":["GET"]}}],"collection":[{"href":"https:\/\/www.desdegranada.com\/site\/index.php?rest_route=\/wp\/v2\/posts"}],"about":[{"href":"https:\/\/www.desdegranada.com\/site\/index.php?rest_route=\/wp\/v2\/types\/post"}],"author":[{"embeddable":true,"href":"https:\/\/www.desdegranada.com\/site\/index.php?rest_route=\/wp\/v2\/users\/1"}],"replies":[{"embeddable":true,"href":"https:\/\/www.desdegranada.com\/site\/index.php?rest_route=%2Fwp%2Fv2%2Fcomments&post=233"}],"version-history":[{"count":0,"href":"https:\/\/www.desdegranada.com\/site\/index.php?rest_route=\/wp\/v2\/posts\/233\/revisions"}],"wp:attachment":[{"href":"https:\/\/www.desdegranada.com\/site\/index.php?rest_route=%2Fwp%2Fv2%2Fmedia&parent=233"}],"wp:term":[{"taxonomy":"category","embeddable":true,"href":"https:\/\/www.desdegranada.com\/site\/index.php?rest_route=%2Fwp%2Fv2%2Fcategories&post=233"},{"taxonomy":"post_tag","embeddable":true,"href":"https:\/\/www.desdegranada.com\/site\/index.php?rest_route=%2Fwp%2Fv2%2Ftags&post=233"}],"curies":[{"name":"wp","href":"https:\/\/api.w.org\/{rel}","templated":true}]}}