{"id":234,"date":"2020-06-01T17:30:25","date_gmt":"2020-06-01T17:30:25","guid":{"rendered":"https:\/\/www.desdegranada.com\/site\/?p=234"},"modified":"2020-06-01T17:30:25","modified_gmt":"2020-06-01T17:30:25","slug":"la-pena-hay-que-dejarla-amarrada-de-una-pata-de-la-cama-don-marco-antonio-galeano","status":"publish","type":"post","link":"https:\/\/www.desdegranada.com\/site\/?p=234","title":{"rendered":"\u00abLa pena hay que dejarla amarrada de una pata de la cama\u00bb: Don Marco Antonio Galeano"},"content":{"rendered":"<\/div>\n<div class=\"itemFullText\">\n<p style=\"text-align: justify;\">Don Marco Antonio Galeano, es un se\u00f1or en todo el sentido de la palabra, de estatura baja, piel morena, ojos peque\u00f1os y un bigote de esos caracter\u00edsticos de los hombres de nuestra regi\u00f3n. Es una persona enamorada de su pueblo, pero en especial del campo \u00aba m\u00ed me gusta del pueblito, la gente, la amabilidad de la gente. Se encuentra uno con personas amistosas, uno se ve feliz, contento con la gentecita y con los que le han ayudado a uno\u201d, expresa en un momento de la charla.<\/p>\n<p style=\"text-align: justify;\">Durante 50 a\u00f1os ha vivido en la vereda Las Faldas, de donde s\u00f3lo sali\u00f3 por causa de la violencia que padeci\u00f3 nuestro municipio a\u00f1os atr\u00e1s. Sin embargo, \u00fanicamente lo hizo para la zona urbana, \u201call\u00e1 levant\u00e9 la familia y aqu\u00ed me qued\u00e9 mijito. F\u00edjese que en Cali viven 6 hijos y me dicen que me vaya pa\u2019 Cali a vivir y beeeendito, a mi no me entra nada, a m\u00ed la finca es la que me da todo pap\u00e1. Es que se va uno pa\u2019 la ciudad y que tristeza uno por all\u00e1 sin hacer nada\u201d, dice con algo de nostalgia al recordar aquellos sucesos y luego finaliza con una carcajada quiz\u00e1s volviendo a su presente tranquilo.<\/p>\n<p style=\"text-align: justify;\">\u201cEn el campo me siento bien, me siento como en el cielo porque la finquita es una hermosura pa\u2019 uno vivir. Rico, rico, yo en la finca vivo bueno\u201d. Al momento resurge de nuevo en \u00e9l una sonrisa.<\/p>\n<p style=\"text-align: justify;\">En su rostro se puede ver la alegr\u00eda y la calidez de los granadinos, y basta hablar con \u00e9l para darse cuenta que su principal valor es la humildad. Sus manos un poco maltratadas por las labores del campo dejan ver el empuje y el tes\u00f3n que poseen todos los campesinos de nuestra tierra.<\/p>\n<p style=\"text-align: justify;\">Don Marco Antonio es casado con do\u00f1a Mar\u00eda de la Luz Casta\u00f1o, \u201cuna mujer verraca y echada pa\u2019 delante\u201d como \u00e9l la describe. Escuchando la forma en c\u00f3mo se refiere a ella, su esposa, se puede percibir el gran amor que le tiene y que es creciente despu\u00e9s de muchos a\u00f1os de matrimonio y de compartir momentos buenos y no tan buenos. \u201cYo adoro a mi viejita\u201d dice, y posteriormente viene un \u201c\u00bfqu\u00e9 hiciera yo sin esa mujer?\u201d.<\/p>\n<p style=\"text-align: justify;\">Con ella, don Marco Antonio tuvo 18 hijos, de los cuales 14 a\u00fan viven y como \u00e9l lo expresa \u201cson el apoyo de cada d\u00eda\u201d.<\/p>\n<p style=\"text-align: justify;\">Admiro de este hombre adem\u00e1s de su humildad, la manera de decir las cosas, su simpleza para expresarse y esa energ\u00eda y vitalidad que hoy por hoy nos hace falta a muchos j\u00f3venes.<\/p>\n<p style=\"text-align: justify;\">Gente como don Marco Antonio es la que ha hecho posible que en Granada al d\u00eda de hoy a\u00fan se conserven importantes valores y tradiciones que son caracter\u00edsticas solo de nuestra tierra, de nuestra gente.<\/p>\n<\/div>\n","protected":false},"excerpt":{"rendered":"<div class=\"itemIntroText\">\n<p style=\"text-align: justify;\">Por: Faiber Salazar.<\/p>\n<p style=\"text-align: justify;\">Cuando don Marco Antonio me dijo esta frase en el corregimiento de Santa Ana mientras desde la emisora Granada Stereo y el canal local Vahos Tv acompa\u00f1\u00e1bamos una jornada interinstitucional realizada all\u00ed, y luego de conversar con \u00e9l por un buen rato, de escuchar parte de su historia, de sus vivencias, aprender de su experiencia, de sus valores, me dieron ganas de escribir algo acerca de \u00e9l y aunque no es un texto extenso, quiero compartirles el resultado de lo que como les dije en un principio, fue solo una conversaci\u00f3n entre amigos.<\/p>\n","protected":false},"author":1,"featured_media":0,"comment_status":"open","ping_status":"open","sticky":false,"template":"","format":"standard","meta":{"footnotes":""},"categories":[20],"tags":[],"class_list":["post-234","post","type-post","status-publish","format-standard","hentry","category-columnistas"],"_links":{"self":[{"href":"https:\/\/www.desdegranada.com\/site\/index.php?rest_route=\/wp\/v2\/posts\/234","targetHints":{"allow":["GET"]}}],"collection":[{"href":"https:\/\/www.desdegranada.com\/site\/index.php?rest_route=\/wp\/v2\/posts"}],"about":[{"href":"https:\/\/www.desdegranada.com\/site\/index.php?rest_route=\/wp\/v2\/types\/post"}],"author":[{"embeddable":true,"href":"https:\/\/www.desdegranada.com\/site\/index.php?rest_route=\/wp\/v2\/users\/1"}],"replies":[{"embeddable":true,"href":"https:\/\/www.desdegranada.com\/site\/index.php?rest_route=%2Fwp%2Fv2%2Fcomments&post=234"}],"version-history":[{"count":0,"href":"https:\/\/www.desdegranada.com\/site\/index.php?rest_route=\/wp\/v2\/posts\/234\/revisions"}],"wp:attachment":[{"href":"https:\/\/www.desdegranada.com\/site\/index.php?rest_route=%2Fwp%2Fv2%2Fmedia&parent=234"}],"wp:term":[{"taxonomy":"category","embeddable":true,"href":"https:\/\/www.desdegranada.com\/site\/index.php?rest_route=%2Fwp%2Fv2%2Fcategories&post=234"},{"taxonomy":"post_tag","embeddable":true,"href":"https:\/\/www.desdegranada.com\/site\/index.php?rest_route=%2Fwp%2Fv2%2Ftags&post=234"}],"curies":[{"name":"wp","href":"https:\/\/api.w.org\/{rel}","templated":true}]}}