{"id":235,"date":"2020-06-02T20:55:27","date_gmt":"2020-06-02T20:55:27","guid":{"rendered":"https:\/\/www.desdegranada.com\/site\/?p=235"},"modified":"2020-06-02T20:55:27","modified_gmt":"2020-06-02T20:55:27","slug":"se-reanudaron-trabajos-para-la-pavimentacion-de-8-6-kilometros-en-la-via-granada-san-carlos","status":"publish","type":"post","link":"https:\/\/www.desdegranada.com\/site\/?p=235","title":{"rendered":"Se reanudaron trabajos para la pavimentaci\u00f3n de 8.6 kil\u00f3metros en la v\u00eda Granada \u2013 San Carlos"},"content":{"rendered":"<p style=\"text-align: justify;\">\u201cYa esta semana se comenz\u00f3 nuevamente a extender asfalto en un tramo de la v\u00eda. Ya comenzaron a cerrar la brecha que se hab\u00eda dejado entre el sitio La Verraquera y el Puente de Calderas, y tambi\u00e9n en el kil\u00f3metro 16 de Granada hacia san Carlos, ya comenzaron con la estabilizaci\u00f3n de la rasante y el extendido de asfalto\u201d, notific\u00f3 este 1 de junio Joaqu\u00edn Zapata, Secretario de Infraestructura de Granada a trav\u00e9s del programa radial de la administraci\u00f3n municipal \u2018En l\u00ednea con la alcald\u00eda\u2019.<\/p>\n<p style=\"text-align: justify;\">Para la pavimentaci\u00f3n total de la v\u00eda que comunica las dos localidades quedar\u00edan restando entre 9 y 10 kil\u00f3metros, eso, una vez culminada esta intervenci\u00f3n que consta de una longitud de 8.6 km.<\/p>\n<p style=\"text-align: justify;\">El alcalde Freddy Casta\u00f1o agreg\u00f3 que \u201cesa es una de las obras que piden a gritos no solamente el municipio de Granada, sino tambi\u00e9n San Carlos, San Rafel, San Luis, Santuario, El Pe\u00f1ol, Guatap\u00e9 porque eso hace el cierre de todo ese anillo vial de embalses\u201d.<\/p>\n","protected":false},"excerpt":{"rendered":"<p style=\"text-align: justify;\">Foto: Facebook alcald\u00eda San Carlos somos todos.<\/p>\n<p style=\"text-align: justify;\">La continuaci\u00f3n en los trabajos para la pavimentaci\u00f3n de 8.6 kil\u00f3metros de v\u00eda entre Granada y San Carlos, luego de casi 3 meses de interrupci\u00f3n, se da luego de la aprobaci\u00f3n de los protocolos de bioseguridad por de la interventor\u00eda, la administraci\u00f3n municipal y la Administradora de Riesgos Laborales ARL.<\/p>\n","protected":false},"author":1,"featured_media":0,"comment_status":"open","ping_status":"open","sticky":false,"template":"","format":"standard","meta":{"footnotes":""},"categories":[19],"tags":[],"class_list":["post-235","post","type-post","status-publish","format-standard","hentry","category-noticias"],"_links":{"self":[{"href":"https:\/\/www.desdegranada.com\/site\/index.php?rest_route=\/wp\/v2\/posts\/235","targetHints":{"allow":["GET"]}}],"collection":[{"href":"https:\/\/www.desdegranada.com\/site\/index.php?rest_route=\/wp\/v2\/posts"}],"about":[{"href":"https:\/\/www.desdegranada.com\/site\/index.php?rest_route=\/wp\/v2\/types\/post"}],"author":[{"embeddable":true,"href":"https:\/\/www.desdegranada.com\/site\/index.php?rest_route=\/wp\/v2\/users\/1"}],"replies":[{"embeddable":true,"href":"https:\/\/www.desdegranada.com\/site\/index.php?rest_route=%2Fwp%2Fv2%2Fcomments&post=235"}],"version-history":[{"count":0,"href":"https:\/\/www.desdegranada.com\/site\/index.php?rest_route=\/wp\/v2\/posts\/235\/revisions"}],"wp:attachment":[{"href":"https:\/\/www.desdegranada.com\/site\/index.php?rest_route=%2Fwp%2Fv2%2Fmedia&parent=235"}],"wp:term":[{"taxonomy":"category","embeddable":true,"href":"https:\/\/www.desdegranada.com\/site\/index.php?rest_route=%2Fwp%2Fv2%2Fcategories&post=235"},{"taxonomy":"post_tag","embeddable":true,"href":"https:\/\/www.desdegranada.com\/site\/index.php?rest_route=%2Fwp%2Fv2%2Ftags&post=235"}],"curies":[{"name":"wp","href":"https:\/\/api.w.org\/{rel}","templated":true}]}}