{"id":236,"date":"2020-06-04T20:52:49","date_gmt":"2020-06-04T20:52:49","guid":{"rendered":"https:\/\/www.desdegranada.com\/site\/?p=236"},"modified":"2020-06-04T20:52:49","modified_gmt":"2020-06-04T20:52:49","slug":"sacerdote-salesiano-santo-la-meta-del-padre-ivan-para-su-vida-al-servicio-de-dios","status":"publish","type":"post","link":"https:\/\/www.desdegranada.com\/site\/?p=236","title":{"rendered":"Sacerdote Salesiano, santo, la meta del padre Iv\u00e1n para su vida al servicio de Dios"},"content":{"rendered":"<p style=\"text-align: justify;\">\u201cYo nunca le dije a nadie que quer\u00eda ser sacerdote, nunca por ning\u00fan momento me asom\u00f3 que quer\u00eda ser sacerdote\u201d, pero a muy corta edad parec\u00eda irse encaminando por esta vocaci\u00f3n \u201cyo ten\u00eda 10 a\u00f1os, iba para la escuela, cuando me encontr\u00e9 una estampita de Fray Domingo con una oraci\u00f3n a la Sant\u00edsima Trinidad; al padre, al hijo y al esp\u00edritu santo y todas dicen conc\u00e9deme la gracia que te pido. Yo empec\u00e9 a hacer esa oraci\u00f3n sin saber c\u00f3mo, ni por qu\u00e9, y cuando se dice conc\u00e9deme la gracia que te pido yo no ped\u00eda nada porque yo no sab\u00eda qu\u00e9 pedir\u00bb.<\/p>\n<p style=\"text-align: justify;\">Relata que al poco tiempo de encontrarse la estampita fue un sacerdote a la escuela, y aprovecha para decir \u201cque importante es la visita del sacerdote a las escuelas\u201d, luego continua: \u201cen un momento determinado estando hablando con nosotros, pregunt\u00f3 qui\u00e9nes quieren ser sacerdotes y yo levante las dos manos, yo no s\u00e9 por qu\u00e9, porque yo ni sab\u00eda. Y dijo, usted se pone a la orden para ir al seminario, y yo dije bueno, cu\u00e1ndo ser\u00e1 y c\u00f3mo ser\u00e1, porque primero yo no manejaba un peso y yo no sab\u00eda caminar en Medell\u00edn\u201d.<\/p>\n<p style=\"text-align: justify;\"><img loading=\"lazy\" decoding=\"async\" src=\"images\/Padre_ivn_1.jpg\" alt=\"\" width=\"744\" height=\"435\" \/><\/p>\n<p style=\"text-align: justify;\">El tiempo pas\u00f3 y el seminario a\u00fan no era una realidad hasta que entr\u00f3 a trabajar como jardinero y la due\u00f1a de la casa le dijo \u201cIv\u00e1n usted quiere acompa\u00f1arme a rezar el trisagio. Un sol como el que estaba ese d\u00eda y me dijo que, si me iba a ir a rezar con ella a la sombrita, dentro de la casa, con la jefa. Claro, ah\u00ed mismo. Despu\u00e9s que rezamos el trisagio, me dijo: Iv\u00e1n a usted le gustar\u00eda ir al seminario, yo lo ayudo. Ah\u00ed est\u00e1n todas las puertas abiertas, el padre que me invita al seminario y ella que me dice yo lo ayudo. Estuvimos all\u00e1 en el seminario en Buenos Aires Vergel\u201d.<\/p>\n<p style=\"text-align: justify;\">\u201cY ah\u00ed me dijeron no, usted aqu\u00ed no, usted tiene es vocaci\u00f3n de misionero\u201d. Con los Salesianos en Rionegro vivi\u00f3 un a\u00f1o \u00a0\u00a0de experiencia, hasta que \u201cun d\u00eda sin m\u00e1s, me dije yo, c\u00f3mo no para el seminario, yo quiero ser sacerdote. Me fui y habl\u00e9 con el sacerdote Fernando Peraza, el superior de los Salesianos y le dije padre me quiero confesar y despu\u00e9s de que me confes\u00e9, le dije padre yo quiero ser sacerdote y me dijo, lo vamos a ayudar, y me pusieron unos fil\u00f3sofos para prepararme para el seminario\u201d.<\/p>\n<p style=\"text-align: justify;\">Un a\u00f1o despu\u00e9s, en 1964 ser parte del seminario se convirti\u00f3 en una realidad \u201cpara el seminario con los Salesianos, encantado de la dicha, de la vida, con una meta concreta: sacerdote salesiano, santo, tres palabras que deb\u00edamos llegar a ser\u201d. Moviendo sus manos, ri\u00e9ndose como lo hace casi siempre que predica en el templo, sin importarle que tantos feligreses haya, menciona \u201cfueron a\u00f1os felices, de gozo en el seminario, formaci\u00f3n salesiana para la juventud pobre y abandonada, para trabajar en colegios. El fin es servirle al Se\u00f1or donde el Se\u00f1or le muestre a uno\u201d.<\/p>\n<p style=\"text-align: justify;\"><strong><img loading=\"lazy\" decoding=\"async\" src=\"images\/Padre_ivn_2.jpg\" alt=\"\" width=\"744\" height=\"435\" \/><\/strong><\/p>\n<p style=\"text-align: justify;\"><strong>Salida del seminario por la muerte de su padre. <\/strong><\/p>\n<p style=\"text-align: justify;\">\u00a0\u201cEn el a\u00f1o 1967 muri\u00f3 pap\u00e1 y me toc\u00f3 salir a trabajar en lo que fuera\u201d. De la nada suelta una carcajada y sigue \u201cpero no sab\u00eda hacer nada, primero me mandaron a la acci\u00f3n comunal a hacer zanjas\u00a0 con pica y pala, luego me dieron el trabajo en almacenes J.J como bulteador y carretillero, de ah\u00ed me fui para Cali\u201d, entre risas dice \u201cme enga\u00f1aron, me dijeron que hab\u00eda un puesto de supervisor y que me iban a dar el puesto y cuando llegu\u00e9 me dijeron no hay puesto sino de ayudante de carro, entonces me pusieron a vender y transportar helados en carro, luego volv\u00ed a Medell\u00edn, all\u00ed trabaje en almacenes autolarte como cobrador en bicicleta\u201d.<\/p>\n<p style=\"text-align: justify;\">Todos esos a\u00f1os usando la bicicleta como medio de transporte le sirvieron de entrenamiento para convertirse en uno de los mejores deportistas, y no precisamente en el ciclismo, \u201cme entregue al atletismo, corr\u00ed con lo mejor de Antioquia y Colombia por la superliga departamental de atletismo y como si estuviera en una carrera por el primer lugar empieza a mencionar las glorias con las que tuvo la oportunidad de competir \u201cMora, Tibaduiza, Vanerech\u201d \u2026 Se alcanza a percibir algo de orgullo mientras cuenta. \u201cCuando estaba en el seminario nadie era capaz de ganarme, yo les ganaba a todos en el atletismo, en las competencias en Medell\u00edn, gan\u00e9 en varias ocasiones, hasta que me cogi\u00f3 el problema de las am\u00edgdalas y no volv\u00ed a ganar\u201d.<\/p>\n<p style=\"text-align: justify;\">El f\u00fatbol tambi\u00e9n ocupa un lugar importante en la vida del padre Iv\u00e1n, y quiz\u00e1s esta sea una de las razones de donde proviene el gusto por el rojo, \u201cjugu\u00e9 f\u00fatbol con todo el gusto por la Federaci\u00f3n de Antioquia, ocup\u00e9 un puesto muy importante, me llamaron de residencias full y de reservas del Medell\u00edn, pero prefer\u00ed el trabajo en autolarte como vendedor, distribuidor de carros y ah\u00ed estuve hasta que crecieron mis hermanos y empezaron a trabajar\u201d.<\/p>\n<p style=\"text-align: justify;\"><img loading=\"lazy\" decoding=\"async\" src=\"images\/Padre_ivn_3.jpg\" alt=\"\" width=\"744\" height=\"435\" \/><\/p>\n<p style=\"text-align: justify;\"><strong>De nuevo para el seminario. <\/strong><\/p>\n<p style=\"text-align: justify;\">Reitera que de ni\u00f1o nunca pens\u00f3 en ser sacerdote, \u201cpero yo ten\u00eda esa experiencia con el se\u00f1or guardada\u201d. Sus hermanos notaron\u00a0 \u00a0la vocaci\u00f3n en \u00e9l y rezando el rosario en familia le dijeron que si quer\u00eda volver al seminario ellos se hac\u00edan cargo de la casa para que pudiera continuar con sus estudios. Mientras tanto \u201cyo segu\u00eda con mis oraciones como de costumbre\u201d. \u00a0<\/p>\n<p style=\"text-align: justify;\">\u201cEsa noche que mis hermanos me dijeron que se hac\u00edan cargo de la casa, ah\u00ed mismo me sub\u00ed para m\u00ed habitaci\u00f3n, cog\u00ed la caja de encima del escaparate donde ten\u00eda los libros. Con telara\u00f1as, los ol\u00ed y dije seminario, seminario, de nuevo al seminario\u201d.<\/p>\n<p style=\"text-align: justify;\">A la propuesta de sus hermanos de hacerse cargo de la casa, se sum\u00f3 la de un se\u00f1or que me dijo si desea volver al seminario yo le ayudo \u201cy me ayud\u00f3, me dio una carta para monse\u00f1or Alfonso Uribe, para que me aceptara en el seminario y nunca me neg\u00f3 durante 7 a\u00f1os todos los auxilios y del seminario s\u00f3lo me interes\u00f3 la pensi\u00f3n nada m\u00e1s. Nunca tuve dinero para m\u00ed, lo pasajes me los daban mis hermanos, as\u00ed termin\u00e9 mis estudios sin ning\u00fan inconveniente\u201d.<\/p>\n<p style=\"text-align: justify;\"><strong>Experiencias que lo han marcado antes y despu\u00e9s del sacerdocio. \u00a0<\/strong><\/p>\n<p style=\"text-align: justify;\">Se queda pensando por un momento y como si viajara hasta la \u00e9poca de su ni\u00f1ez, con la mirada hacia lo alto\u00a0 dice \u201cde ni\u00f1o, muy peque\u00f1o el se\u00f1or me habl\u00f3, se me present\u00f3 el Se\u00f1or y me dijo por el nombre Iv\u00e1n te vas o te quedas, estaba en una enfermedad muy grande y el Se\u00f1or se me present\u00f3 as\u00ed tal cual, y yo que iba a saber, y yo me puse fue a ver a Dios, a ver c\u00f3mo era Dios, se me present\u00f3 en imagen completa, concreta de Jes\u00fas\u201d.<\/p>\n<p style=\"text-align: justify;\">Cantar, bailar, dicen sus compa\u00f1eros que hacen parte de sus h\u00e1bitos diarios. Quiz\u00e1s es una forma de alabar a\u00a0 la madre celestial por los dones recibidos \u201cse me apareci\u00f3 la Virgen, tal como me hab\u00edan dicho, y todo el d\u00eda esperando para ver la Virgen \u00a0y se me apreci\u00f3 en sue\u00f1o y cuando me tire a abrazarla me despert\u00e9\u00a0 y ahora el programa es verla en \u00a0vivo y en directo, m\u00ed af\u00e1n es hablar con Dios, porque es que Dios me habla mucho, pero una cosa es que \u00e9l le hable a uno y otra es que uno hable con Dios\u00bb.<\/p>\n<p style=\"text-align: justify;\"><img loading=\"lazy\" decoding=\"async\" src=\"images\/Padre_ivn_4.jpg\" alt=\"\" width=\"744\" height=\"435\" \/><\/p>\n<p style=\"text-align: justify;\">\u00a0\u201cCuando\u00a0 me pegaron una pu\u00f1alada yo nunca pens\u00e9 que yo segu\u00eda viviendo,\u00a0 sino que yo iba a morir y para m\u00ed fue el momento m\u00e1s extraordinario de m\u00ed vida, encontrarme ya con el Se\u00f1or, yo estaba haciendo una fiesta pero grande porque me iba\u201d,\u00a0 empieza a re\u00edrse a \u00a0carcajadas y dice \u201cresulta de que no, y resulta que el Se\u00f1or me dej\u00f3 unos d\u00edas m\u00e1s y desde ese momento yo empiezo a mirar la vida como cada d\u00eda un regalo m\u00e1s\u00a0 para un mejor vivir\u201d.<\/p>\n<p style=\"text-align: justify;\">Con tanta pasi\u00f3n ha vivido sus m\u00e1s de 40 a\u00f1os de sacerdocio\u00a0 que a\u00fan no descifra lo que m\u00e1s le gusta de su vocaci\u00f3n \u201ctodav\u00eda no s\u00e9, porque todo lo del sacerdote es la vida de Cristo, todo me gusta, si es para dar un retiro es un don de Dios, es una gracia; si es confesar y la persona esta arrepentida,\u00a0 eso es una fiesta; participar de la eucarist\u00eda, eso no tiene comparaciones con nada cuando el Se\u00f1or le da regalos a uno en la eucarist\u00eda\u00bb.<\/p>\n<p style=\"text-align: justify;\">\u201cUno no quiere que la eucarist\u00eda termine. De hecho, a uno le toca terminarla, uno quiere quedarse en la eucarist\u00eda porque ya est\u00e1 con \u00e9l, qu\u00e9 m\u00e1s va querer\u2026 Si por uno fuera se sienta c\u00f3modo bien a lo bien a estar con el Se\u00f1or, porque es que esta con \u00e9l\u2026 Le dice uno al Se\u00f1or en la noche conversamos m\u00e1s en forma porque ahora tengo que irme\u201d.<\/p>\n<p style=\"text-align: justify;\">Siempre se cuestionaba cu\u00e1l ser\u00eda el modelo a seguir cuando fuese sacerdote y con total convicci\u00f3n dice, \u201cno hay otro modelo que Jes\u00fas, \u00e9l nos va mostrando, de tal manera que en mi vida siempre ha habido un principio misionero acompa\u00f1ado con canto\u201d y culmina entonando una estrofa \u201cmisionero el rey del cielo, traigo un mensaje de paz y amor\u00bb.<\/p>\n<p style=\"text-align: justify;\"><iframe loading=\"lazy\" src=\"\/\/www.youtube.com\/embed\/xClmFaED948\" width=\"720\" height=\"480\" allowfullscreen=\"allowfullscreen\"><\/iframe><\/p>\n<p>\u00a0<\/p>\n","protected":false},"excerpt":{"rendered":"<p style=\"text-align: justify;\">Por: Maria Londo\u00f1o<\/p>\n<p style=\"text-align: justify;\">Cuando le pregunto qu\u00e9 lo inspir\u00f3 a ser sacerdote, pareciera que le hubiese contado un chiste, suelta una carcajada que, con seguridad se escuch\u00f3 en las habitaciones de los dem\u00e1s presb\u00edteros. Despu\u00e9s de un instante y con una mirada de asombro responde \u201ctodav\u00eda no he podido creer que yo sea sacerdote, habiendo gente con tanta capacidad, de tantas posibilidades y que yo sea sacerdote, yo me pongo a mirarme y no creo\u201d.<\/p>\n","protected":false},"author":1,"featured_media":0,"comment_status":"open","ping_status":"open","sticky":false,"template":"","format":"standard","meta":{"footnotes":""},"categories":[20],"tags":[],"class_list":["post-236","post","type-post","status-publish","format-standard","hentry","category-columnistas"],"_links":{"self":[{"href":"https:\/\/www.desdegranada.com\/site\/index.php?rest_route=\/wp\/v2\/posts\/236","targetHints":{"allow":["GET"]}}],"collection":[{"href":"https:\/\/www.desdegranada.com\/site\/index.php?rest_route=\/wp\/v2\/posts"}],"about":[{"href":"https:\/\/www.desdegranada.com\/site\/index.php?rest_route=\/wp\/v2\/types\/post"}],"author":[{"embeddable":true,"href":"https:\/\/www.desdegranada.com\/site\/index.php?rest_route=\/wp\/v2\/users\/1"}],"replies":[{"embeddable":true,"href":"https:\/\/www.desdegranada.com\/site\/index.php?rest_route=%2Fwp%2Fv2%2Fcomments&post=236"}],"version-history":[{"count":0,"href":"https:\/\/www.desdegranada.com\/site\/index.php?rest_route=\/wp\/v2\/posts\/236\/revisions"}],"wp:attachment":[{"href":"https:\/\/www.desdegranada.com\/site\/index.php?rest_route=%2Fwp%2Fv2%2Fmedia&parent=236"}],"wp:term":[{"taxonomy":"category","embeddable":true,"href":"https:\/\/www.desdegranada.com\/site\/index.php?rest_route=%2Fwp%2Fv2%2Fcategories&post=236"},{"taxonomy":"post_tag","embeddable":true,"href":"https:\/\/www.desdegranada.com\/site\/index.php?rest_route=%2Fwp%2Fv2%2Ftags&post=236"}],"curies":[{"name":"wp","href":"https:\/\/api.w.org\/{rel}","templated":true}]}}