{"id":237,"date":"2020-06-06T16:23:02","date_gmt":"2020-06-06T16:23:02","guid":{"rendered":"https:\/\/www.desdegranada.com\/site\/?p=237"},"modified":"2020-06-06T16:23:02","modified_gmt":"2020-06-06T16:23:02","slug":"nuevamente-arrancaron-obras-para-el-mejoramiento-de-vias-en-el-municipio","status":"publish","type":"post","link":"https:\/\/www.desdegranada.com\/site\/?p=237","title":{"rendered":"Nuevamente arrancaron obras para el mejoramiento de v\u00edas en el municipio"},"content":{"rendered":"<p style=\"text-align: justify;\">La obra que es ejecutada por la firma constructora APLINCO G&amp;M S.A.S y en la que se invierte un monto superior a los 980 millones de pesos (incluida la interventor\u00eda), consta de la reposici\u00f3n de la red de aguas residuales y de aguas lluvias, y la carpeta de rodadura en la carrera 21, entre las calles 22 y 24, y la calle 20 entre las carreras 23 y 26.<\/p>\n<p style=\"text-align: justify;\">\u201cSe inici\u00f3 con la demolici\u00f3n del pavimento existente en la calle del coliseo, calle Boyac\u00e1, a partir de la carrera 25 hacia arriba\u201d, cont\u00f3 para la emisora Granada Stereo Joaqu\u00edn Zapata, secretario de infraestructura.<\/p>\n<p style=\"text-align: justify;\">\u00a0Se espera que en un plazo de dos meses aproximadamente finalicen las obras.<\/p>\n<p style=\"text-align: justify;\">\u00a0<strong><em>Placa huella zona fr\u00eda<\/em><\/strong><\/p>\n<p style=\"text-align: justify;\">La construcci\u00f3n de placa huella en el sector de zona fr\u00eda, constituida por las veredas La Mar\u00eda, Minitas, San Mat\u00edas y Vahitos, y que beneficiar\u00e1 a un importante n\u00famero de habitantes, tambi\u00e9n contin\u00faa avanzando luego de que se aprobaran los protocolos de bioseguridad para dicha reanudaci\u00f3n.<\/p>\n<p style=\"text-align: justify;\">\u201cAqu\u00ed desde La Mar\u00eda hacia Vahitos, vamos para 2.500 y en El Vergel, vamos para 900 metros, o sea que es un mejoramiento de v\u00eda de 3.4 kil\u00f3metros, que se hizo la gesti\u00f3n desde la administraci\u00f3n anterior, pero ha sido voluntad pol\u00edtica del alcalde darle continuidad a esas obras que siempre van en beneficio de toda la comunidad\u201d, manifest\u00f3 al respecto el secretario de infraestructura.<\/p>\n<p style=\"text-align: justify;\"><img decoding=\"async\" src=\"images\/Intervencin_vas__2020_Santa_Ana.jpg\" alt=\"\" \/><\/p>\n<p style=\"text-align: justify;\"><strong><em>Mejoramiento de v\u00edas de ingreso a Santa Ana <\/em><\/strong><\/p>\n<p style=\"text-align: justify;\">Por otro lado, desde la administraci\u00f3n municipal se contin\u00faa trabajando en el mejoramiento de las v\u00edas de acceso a Santa Ana, con miras a facilitar la movilidad de los habitantes del corregimiento.<\/p>\n<p style=\"text-align: justify;\">En este sentido se adelantan obras tanto por el sector de Galilea como por la zona de La Quiebra.<\/p>\n<p style=\"text-align: justify;\">Entre Santa Ana y el ingreso a Charco Negro, \u201cvenimos con un tramo de 900 metros de placa huella y ya estamos por el 80% de ejecuci\u00f3n del contrato. La intenci\u00f3n es hacer una adici\u00f3n para llegar hasta los 1.104 metros\u201d, dijo Joaqu\u00edn Zapata.<\/p>\n<p style=\"text-align: justify;\">Entre La Quiebra y Cruces se est\u00e1 mejorando un tramo de v\u00eda con una inversi\u00f3n superior a los 2 mil millones de pesos. \u201cEstamos en un avance aproximado del 20%, que lo principal son la construcci\u00f3n de las obras transversales\u201d dijo el secretario de infraestructura del municipio Joaqu\u00edn Zapata.<\/p>\n<p style=\"text-align: justify;\">Una vez terminada esta parte de las obras, se proceder\u00e1 a la estabilizaci\u00f3n de la banca y la aplicaci\u00f3n de pavimento flexible.<\/p>\n<p style=\"text-align: justify;\">Una de las necesidades m\u00e1s reiterativas de la comunidad, en especial de los campesinos, son las v\u00edas en buen estado para poder desplazarse hacia el casco urbano a comercializar sus productos, y recientemente, pese a los contratiempos generados por la emergencia sanitaria, se han reanudado labores para intervenir varias rutas.<\/p>\n","protected":false},"excerpt":{"rendered":"<p style=\"text-align: justify;\"><strong><em>V\u00edas urbanas<\/em><\/strong><\/p>\n<p style=\"text-align: justify;\">El lunes primero de junio, reiniciaron las obras para el mejoramiento de la v\u00eda en la carrera 21, m\u00e1s conocida como la calle del coliseo.<\/p>\n","protected":false},"author":1,"featured_media":0,"comment_status":"open","ping_status":"open","sticky":false,"template":"","format":"standard","meta":{"footnotes":""},"categories":[19],"tags":[],"class_list":["post-237","post","type-post","status-publish","format-standard","hentry","category-noticias"],"_links":{"self":[{"href":"https:\/\/www.desdegranada.com\/site\/index.php?rest_route=\/wp\/v2\/posts\/237","targetHints":{"allow":["GET"]}}],"collection":[{"href":"https:\/\/www.desdegranada.com\/site\/index.php?rest_route=\/wp\/v2\/posts"}],"about":[{"href":"https:\/\/www.desdegranada.com\/site\/index.php?rest_route=\/wp\/v2\/types\/post"}],"author":[{"embeddable":true,"href":"https:\/\/www.desdegranada.com\/site\/index.php?rest_route=\/wp\/v2\/users\/1"}],"replies":[{"embeddable":true,"href":"https:\/\/www.desdegranada.com\/site\/index.php?rest_route=%2Fwp%2Fv2%2Fcomments&post=237"}],"version-history":[{"count":0,"href":"https:\/\/www.desdegranada.com\/site\/index.php?rest_route=\/wp\/v2\/posts\/237\/revisions"}],"wp:attachment":[{"href":"https:\/\/www.desdegranada.com\/site\/index.php?rest_route=%2Fwp%2Fv2%2Fmedia&parent=237"}],"wp:term":[{"taxonomy":"category","embeddable":true,"href":"https:\/\/www.desdegranada.com\/site\/index.php?rest_route=%2Fwp%2Fv2%2Fcategories&post=237"},{"taxonomy":"post_tag","embeddable":true,"href":"https:\/\/www.desdegranada.com\/site\/index.php?rest_route=%2Fwp%2Fv2%2Ftags&post=237"}],"curies":[{"name":"wp","href":"https:\/\/api.w.org\/{rel}","templated":true}]}}