{"id":238,"date":"2020-06-09T17:02:17","date_gmt":"2020-06-09T17:02:17","guid":{"rendered":"https:\/\/www.desdegranada.com\/site\/?p=238"},"modified":"2020-06-09T17:02:17","modified_gmt":"2020-06-09T17:02:17","slug":"una-vida-llena-de-milagros","status":"publish","type":"post","link":"https:\/\/www.desdegranada.com\/site\/?p=238","title":{"rendered":"Una vida llena de milagros"},"content":{"rendered":"<p style=\"text-align: justify;\">Pero no solo tengo esa imagen de \u00e9l, tambi\u00e9n lo veo recorriendo el atrio del templo parroquial los fines de semana, precisamente los d\u00edas s\u00e1bados porque se pasa de fastidioso en la catequesis parroquial, pues tiene mucha cercan\u00eda con los curas y seguro eso le da para ser tan confianzudo. Al menos as\u00ed lo percibo yo.<\/p>\n<p style=\"text-align: justify;\">Me imagino que, as\u00ed como varias catequistas lo quieren, otras deben de pensar en sus adentros la famosa frase \u201cse lo aguantara la mam\u00e1\u201d.\u00a0<\/p>\n<p style=\"text-align: justify;\">Pero no lo juzguemos todav\u00eda, dej\u00e9moslo crecer y conozcamos su historia.\u00a0<\/p>\n<p style=\"text-align: justify;\"><strong>El primer milagro\u00a0<\/strong><\/p>\n<p style=\"text-align: justify;\">Dios pone pruebas a sus hijos y por medio de estas les demuestra su grandeza. Solamente el que resiste, el que decide triunfar, puede dar fe de ese amor. Aqu\u00ed pierde el valor aquel que se queda a medio camino. Todas las pruebas son como si se tratara de un hijo al que su pap\u00e1 le ense\u00f1a que la vida no es f\u00e1cil y que hay veces en que los humanos necesitamos que nos reprendan duramente.\u00a0<\/p>\n<p style=\"text-align: justify;\">Jairo era un cotero, aseador de carros, ayudante y chofer reconocido en su pueblo. Quienes lo conocieron lo recuerdan como un hombre alegre y jocoso. Sembr\u00f3 en sus hijos la disciplina y el trabajo, por eso, para su hijo Esteban, \u00e9l era como un im\u00e1n al que el hierro tiene que estar siempre pegado. De Jairo, Esteban hered\u00f3 la alegr\u00eda y la facilidad para relacionarse con los dem\u00e1s. A eso se debe que, en cada calle de su pueblo, encuentre a un amigo al que le puede hacer un chiste, invitar a un caf\u00e9 o pedir un favor.\u00a0\u00a0<\/p>\n<p style=\"text-align: justify;\">Un par de meses antes de Esteban cumplir 6 a\u00f1os fue testigo de un acto que marc\u00f3 para siempre su vida. Un viernes mientras acompa\u00f1aba a su pap\u00e1 en la estaci\u00f3n de gasolina donde aseaba el carro en el que trabaja, Jairo escuch\u00f3 la noticia que en su pueblo algo malo iba a pasar. Ya se han registrado varios actos de guerra, los grupos armados han tenido varios enfrentamientos con la fuerza p\u00fablica, no es nada raro que en cualquier momento toque escondernos.\u00a0<\/p>\n<p style=\"text-align: justify;\">Mientras estamos sentados en la pieza de la casa de Esteban, tomando un chocolate que nos prepar\u00f3 su esposa, recordamos, aunque \u00e9ramos unos ni\u00f1os, la actividad que est\u00e1bamos haciendo esa ma\u00f1ana del mes de noviembre del 2000.<\/p>\n<p style=\"text-align: justify;\">Todos, concluimos que en ese momento est\u00e1bamos jugando. Pero Esteban no, ni tampoco estaba vestido con las medias de color azul oscuro, zapatillas negras, mochos de tela dril del mismo color de las medias y camisa de color claro. Pues ese d\u00eda estaban reunidos los docentes en el foro educativo y por eso no hab\u00eda clase.<\/p>\n<p style=\"text-align: justify;\"><img loading=\"lazy\" decoding=\"async\" src=\"images\/David_4.jpg\" alt=\"\" width=\"744\" height=\"435\" \/><\/p>\n<p style=\"text-align: justify;\">Esteban recuerda que su pap\u00e1 ese d\u00eda, en aquella estaci\u00f3n de gasolina se acerc\u00f3 al tel\u00e9fono p\u00fablico m\u00e1s cercano que encontr\u00f3, quer\u00eda llamar a su se\u00f1ora para alertarla y as\u00ed proteger el resto de su familia, mientras tanto \u00e9l cuidar\u00eda de su vida y la de Esteban.<\/p>\n<p style=\"text-align: justify;\">Desgraciadamente la guerra del pa\u00eds, se llev\u00f3 la inocencia de muchos ni\u00f1os. Pero todos, directa o indirectamente, hicieron parte. Unos que nacieron y crecieron, otros llorando sus familiares, otros que forzadamente tuvieron que ir a formar parte de ella.\u00a0<\/p>\n<p style=\"text-align: justify;\">La esposa de Jairo no alcanz\u00f3 a contestar bien el tel\u00e9fono, porque en el momento en el que se dispon\u00eda a hacerlo, unos hombres extra\u00f1os llegaron a la estaci\u00f3n de gasolina donde \u00e9l estaba y dispararon contra todo lo que se mov\u00eda. Esteban y otras personas mayores, milagrosamente lograron sobrevivir para contar lo que hoy se convierte en uno de los actos m\u00e1s sangrientos que se cometi\u00f3 en esta zona.\u00a0<\/p>\n<p style=\"text-align: justify;\">Aunque esos extra\u00f1os pensaron hacer quien sabe qu\u00e9 con \u00e9l, finalmente decidieron dejarlo seguir viviendo. \u00a0 Despu\u00e9s de varias horas en las que se escuch\u00f3 el sonido de las balas, se vio correr por las calles un ni\u00f1o; era \u00e9l. A su pap\u00e1, junto con otras 18 personas m\u00e1s les quitaron la vida.\u00a0<\/p>\n<p style=\"text-align: justify;\">Desde ese momento, su vida no fue igual, pues la tranquilidad que le daba estar al lado de su padre, se la quitaron. En los recorridos que hac\u00eda a la escuela, o para ir a la sagrada eucarist\u00eda, siempre eran esas ganas de nada. \u201cera muy com\u00fan ver personas armadas, ya fuera un integrante de cualquier grupo alzado en armas o simplemente un soldado, un polic\u00eda\u201d, dice Esteban.\u00a0<\/p>\n<p style=\"text-align: justify;\">Es dif\u00edcil comprender el por qu\u00e9 esos que se hablan de hermanos se enfrentan en una guerra; que entre sus manos tengan armas con las que en un segundo son capaz de asesinar a otra persona sin saber lo que tenga que pagar bien sea en esta o la otra vida.\u00a0<\/p>\n<p style=\"text-align: justify;\">Se me vienen a la mente im\u00e1genes recreadas que yo no viv\u00ed, siento el miedo y la tristeza de Esteban en esos momentos, el grito que se guard\u00f3 en el camino mientras corr\u00eda a contarle al resto de la familia lo que pas\u00f3 con el jefe del hogar.\u00a0\u00a0<\/p>\n<p style=\"text-align: justify;\">Me dan ganas de pensar que el lector cree que eso de sanar es un proceso f\u00e1cil que se hace soltando dos p\u00e1rrafos en una historia escrita, que el traspaso a la historia que sigue a continuaci\u00f3n se cura con decir que ya, que todo eso est\u00e1 perdonado.<\/p>\n<p style=\"text-align: justify;\">Volvamos a la historia de aquel ni\u00f1o inquieto, que pasaba por el atrio del templo\u2026 si ese mismo que tratamos de insoportable. Su cercan\u00eda con la iglesia hizo que \u00e9l se fuera superando y de a poco fue, por decirlo as\u00ed, sanando todo eso que se rob\u00f3 su inocencia.<\/p>\n<p style=\"text-align: justify;\">Su hermano Alexander comenz\u00f3 a trabajar como sacrist\u00e1n en la parroquia y ese factor hizo que Esteban hiciera parte del grupo de monaguillos que ayudan a los curas. Su adolescencia se dividi\u00f3 entre estudios y ayudar en la iglesia.\u00a0\u00a0<\/p>\n<p style=\"text-align: justify;\">Aprendi\u00f3 todo lo relacionado con la iglesia; tanto as\u00ed que se lleg\u00f3 a convertir en quien, hacia los remplazos en la sacrist\u00eda. \u201cEn ocasiones cuando ten\u00eda ratos libres despu\u00e9s de salir del colegio o as\u00ed los fines de semana, me iba para los lados de la parroquia y pues por all\u00e1 le ayudaba al conductor de la parroquia a lavar el carro y me fui inquietando por aprender a manejar carro, pero no pod\u00eda hacer ese trabajo porque era menor de edad\u201d.<\/p>\n<p style=\"text-align: justify;\"><strong><img loading=\"lazy\" decoding=\"async\" src=\"images\/David_2.jpg\" alt=\"\" width=\"744\" height=\"435\" \/><\/strong><\/p>\n<p style=\"text-align: justify;\"><strong>El amor, la mejor medicina<\/strong><\/p>\n<p style=\"text-align: justify;\">Esteban termin\u00f3 sus estudios de secundaria, y se le present\u00f3 esa oportunidad que tanto hab\u00eda esperado, ser el chofer que transporta a los sacerdotes, tambi\u00e9n logr\u00f3 conquistar esa muchacha que tanto le gustaba; con la que hab\u00eda compartido aula de clase durante los \u00faltimos a\u00f1os. Entonces nuestro protagonista comenzaba a ver como la vida le sonre\u00eda.\u00a0<\/p>\n<p style=\"text-align: justify;\">Pero de repente, le comenzaron unas molestias no muy comunes. Hab\u00eda veces que le daban dolores en su test\u00edculo izquierdo, pero se los aguantaba por pena, y cre\u00eda que ser\u00eda algo pasajero\u2026 pero no, el dolor se fue intensificando hasta que finalmente decidi\u00f3 ir al hospital.\u00a0<\/p>\n<p style=\"text-align: justify;\">No era suficiente con lo que hab\u00eda pasado en su infancia, pues al parecer se ve\u00eda venir algo m\u00e1s, que har\u00e1 de esta historia algo de no creer. Despu\u00e9s de muchos citas y ex\u00e1menes, descubrieron que ten\u00eda c\u00e1ncer en el test\u00edculo, pero antes de iniciar los tratamientos que le ayudar\u00edan a superar esta enfermedad, uno de los m\u00e9dicos que lo atendi\u00f3 solt\u00f3 una frase irresponsable, ir\u00f3nicamente le dijo que se iba a morir\u2026 a Esteban lo invadi\u00f3 una risa nerviosa.\u00a0<\/p>\n<p style=\"text-align: justify;\">Las palabras que a\u00f1os atr\u00e1s se hab\u00edan ahorrado los personajes que asesinaron a su padre, esta vez el m\u00e9dico se lo dec\u00eda sin anestesia, como se dice vulgarmente. En el orden de ideas del que les hablaba inicialmente sobre las pruebas que le pone Dios a sus hijos, esta historia se me parece mucho a la de Abraham, aquel hombre del que habla la Biblia y que tambi\u00e9n fue puesto a prueba casi que toda la vida.\u00a0<\/p>\n<p style=\"text-align: justify;\">Lo cierto es que \u00e9l comenz\u00f3 quimioterapias, con la noticia que despu\u00e9s de esto no podr\u00eda tener hijos, contrario a lo de Abraham, que Dios le promete muchos hijos y pues a Esteban le estaba quitando la esperanza de tenerlos.\u00a0<\/p>\n<p style=\"text-align: justify;\">Entonces me detengo a pensar: Su novia es una mujer que est\u00e1 esperando pacientemente, con toda la humildad que esto se resuelva pronto, me imagino que, en sus m\u00faltiples charlas de novios, se imaginaron un futuro muy bonito en un hogar con hijos. Este es un amor de los que ya no se ve, una relaci\u00f3n de pareja que me recuerda aquel vallenato que compuso Diomedes:<\/p>\n<p style=\"text-align: justify;\">\u201cCaramba esos muchachos si se quieren. <br \/> Pueda ser que Dios los guarde y la Virgen bendiga <br \/> el cari\u00f1o que se tienen\u201d.<\/p>\n<p style=\"text-align: justify;\">Si el destino de ellos dos es casarse y estar juntos hasta que la muerte los separe, ser\u00eda muy triste que de ese amor tan bonito que se brindan los dos, no nazca una criatura. \u00bfC\u00f3mo es posible que una pareja que se ve tan enamorada por las calles del pueblo no va a poder tener hijos? Igual debemos darle prioridad al tratamiento de Esteban para recuperarlo, porque parece que Dios al igual que cuando vio matar a su pap\u00e1 le va a dar otra oportunidad de seguir viviendo.\u00a0<\/p>\n<p style=\"text-align: justify;\">Sin embargo, su novia nunca baj\u00f3 la guardia y esta prueba la enamoraba m\u00e1s. San Pablo dice que el amor lo soporta todo y ella s\u00ed que sabe de eso y por eso ella nunca dej\u00f3 de ser su apoyo.<\/p>\n<p style=\"text-align: justify;\">Miguel \u00c1ngel Russo, es un t\u00e9cnico Argentino que ha dirigido varios equipos de futbol, entre ellos: Estudiantes de La Plata, Boca Juniors y otros m\u00e1s. Mientras dirig\u00eda a Millonarios de Colombia, super\u00f3 un c\u00e1ncer de pr\u00f3stata y luego de hacerse todo el tratamiento, en una rueda de prensa dijo: \u201ctodo esto se cura con amor\u201d.<\/p>\n<p style=\"text-align: justify;\">Mientras ese d\u00eda escuchaba las declaraciones de Russo, me acordaba de ese amor que su novia le demostr\u00f3 durante todo este tiempo tan dif\u00edcil y entonces comprend\u00ed porque Esteban se cur\u00f3, fue gracias a ese amor que nunca se ha marchitado y que cada d\u00eda crece. Despu\u00e9s de su recuperaci\u00f3n, le regal\u00f3 un anillo en el que le ped\u00eda que le permitiera llevarla hasta el altar.\u00a0<\/p>\n<p style=\"text-align: justify;\"><img loading=\"lazy\" decoding=\"async\" src=\"images\/David_3.jpg\" alt=\"\" width=\"744\" height=\"435\" \/><\/p>\n<p style=\"text-align: justify;\"><strong>El matrimonio y la grandeza de Dios\u00a0<\/strong><\/p>\n<p style=\"text-align: justify;\">Seguir hablando maravillas de esta pareja, ser\u00eda redundar. Pues en renglones anteriores, les habl\u00e9 de las pruebas y lo que han hecho para demostrarnos a nosotros los espectadores que todav\u00eda podemos creer en el amor.\u00a0\u00a0<\/p>\n<p style=\"text-align: justify;\">Dios es grande y arriba de \u00e9l no vive nadie, antes de una dificultad manda primero la fuerza para superarla y por eso como si se tratara de un desaf\u00edo a la ciencia, nuestros personajes luego de la bendici\u00f3n que los uni\u00f3 para siempre, nos cuentan que hay un beb\u00e9 en proceso. Familia, amigos y allegados celebran.<\/p>\n<p style=\"text-align: justify;\">Un ni\u00f1o es la prueba de que Dios todav\u00eda conf\u00eda en el hombre y entonces Esteban y su esposa vuelven a verle la sonrisa a la vida.\u00a0<\/p>\n<p style=\"text-align: justify;\">Para los creyentes, entre Dios ponga m\u00e1s pruebas, m\u00e1s va creciendo esa fe. Entonces aprovecha no solo para fortalecer al hijo sino tambi\u00e9n para que los que lo rodean vean el testimonio. Por ejemplo, para m\u00ed, Esteban es un campe\u00f3n, nunca se ve renegando de Dios, al contrario, acepta todo esto con la mayor tranquilidad del mundo y conf\u00eda plenamente en que el todopoderoso est\u00e1 con \u00e9l y que nunca lo ha dejado.<\/p>\n<p style=\"text-align: justify;\">Hay veces mientras re-leo esta historia para coordinar el hilo conductor, me detengo a pensar en la inmensidad de Dios y solo \u00e9l es el creador de esta historia, nadie m\u00e1s. \u00bfA qui\u00e9n se le puede ocurrir tanto milagro en una sola persona? Esteban es el protagonista, el elegido.\u00a0<\/p>\n<p style=\"text-align: justify;\">Pero la vida hay veces que sonr\u00ede y nos deja ver una dentadura torcida o mueca y pues para eso no hay odont\u00f3logo, lastimosamente no le podemos hacer un dise\u00f1o de sonrisa.\u00a0<\/p>\n<p style=\"text-align: justify;\"><img loading=\"lazy\" decoding=\"async\" src=\"images\/David_1.jpg\" width=\"744\" height=\"435\" \/><\/p>\n<p style=\"text-align: justify;\">\u201cTodo vuelve a ser sorpresa <br \/> cuando un ni\u00f1o va a nacer,<br \/> otra vida est\u00e1 llegando, <br \/> y seremos m\u00e1s de tres\u201d.<\/p>\n<p style=\"text-align: justify;\">La beb\u00e9 esta hermosa, creciendo sanamente. Despu\u00e9s nos enteramos que la ni\u00f1a que ya tiene 2 a\u00f1os, va a tener un hermanito.<\/p>\n<p style=\"text-align: justify;\">Pero, as\u00ed como el hermanito crece en la panza de su madre, tambi\u00e9n crece el cuento que a Esteban le hizo met\u00e1stasis y que nuevamente tendr\u00e1 que volver a realizar quimioterapias. No lo veo nervioso, no lo veo triste. Ya tiene m\u00e1s razones para luchar por la vida, viene otro integrante para la familia y precisamente su familia es la que lo llena de fortaleza y confianza.\u00a0<\/p>\n<p style=\"text-align: justify;\">Esto solo podr\u00eda pasar en un cuento. Si esto que usted est\u00e1 leyendo fuera un guion para una novela de televisi\u00f3n, les juro que en la parte del matrimonio simplemente hubiera escrito que vivieron muy felices y pondr\u00eda punto final.<\/p>\n<p style=\"text-align: justify;\">El segundo hijo de Esteban, al que llamaron Nicol\u00e1s, ya tiene 2 meses de vida. Mientras tanto, \u00e9l con el acompa\u00f1amiento de su familia siguen caminando a la fase final de su recuperaci\u00f3n. Pr\u00f3ximamente iniciar\u00e1 las radioterapias para eliminar los residuos del tumor maligno que tuvo en su cuerpo, el que no le ha quitado las ganas de seguir apostando por la vida.<\/p>\n<p style=\"text-align: justify;\">Cuando termin\u00e9 de escribir, le pregunt\u00e9 a Esteban \u00bfEstas listo para m\u00e1s pruebas? Y me contesta \u201cesta y las que se vengan\u201d.<\/p>\n<p style=\"text-align: justify;\">\u00a0<\/p>\n<p style=\"text-align: justify;\">Con cari\u00f1o: Yeison A. Giraldo @Pacho_Carlos<\/p>\n<p style=\"text-align: justify;\">\u00a0<\/p>\n<p style=\"text-align: justify;\">Granada, 9 de junio de 2020<\/p>\n<p><strong>\u00a0<\/strong><\/p>\n<p>\u00a0<\/p>\n<p>\u00a0<\/p>\n<p>\u00a0<\/p>\n<p>\u00a0<\/p>\n<p>\u00a0<\/p>\n","protected":false},"excerpt":{"rendered":"<p style=\"text-align: justify;\">Esteban es un ni\u00f1o inquieto. Diariamente se ve pasar a recibir clases en la escuela Jes\u00fas Mar\u00eda Yepes, tiene unas medias de color azul oscuro, zapatillas negras, unos mochos de tela dril del mismo color de las medias, camisa de color claro, y su motilado es cl\u00e1sico. Me parece verlo pasar, lo tengo en mi mente. Casi 20 a\u00f1os despu\u00e9s, tengo esa imagen de \u00e9l, no se me puede borrar. Lo tengo en mis recuerdos como si hubiera sido hoy en la ma\u00f1ana.\u00a0<\/p>\n","protected":false},"author":1,"featured_media":0,"comment_status":"open","ping_status":"open","sticky":false,"template":"","format":"standard","meta":{"footnotes":""},"categories":[20],"tags":[],"class_list":["post-238","post","type-post","status-publish","format-standard","hentry","category-columnistas"],"_links":{"self":[{"href":"https:\/\/www.desdegranada.com\/site\/index.php?rest_route=\/wp\/v2\/posts\/238","targetHints":{"allow":["GET"]}}],"collection":[{"href":"https:\/\/www.desdegranada.com\/site\/index.php?rest_route=\/wp\/v2\/posts"}],"about":[{"href":"https:\/\/www.desdegranada.com\/site\/index.php?rest_route=\/wp\/v2\/types\/post"}],"author":[{"embeddable":true,"href":"https:\/\/www.desdegranada.com\/site\/index.php?rest_route=\/wp\/v2\/users\/1"}],"replies":[{"embeddable":true,"href":"https:\/\/www.desdegranada.com\/site\/index.php?rest_route=%2Fwp%2Fv2%2Fcomments&post=238"}],"version-history":[{"count":0,"href":"https:\/\/www.desdegranada.com\/site\/index.php?rest_route=\/wp\/v2\/posts\/238\/revisions"}],"wp:attachment":[{"href":"https:\/\/www.desdegranada.com\/site\/index.php?rest_route=%2Fwp%2Fv2%2Fmedia&parent=238"}],"wp:term":[{"taxonomy":"category","embeddable":true,"href":"https:\/\/www.desdegranada.com\/site\/index.php?rest_route=%2Fwp%2Fv2%2Fcategories&post=238"},{"taxonomy":"post_tag","embeddable":true,"href":"https:\/\/www.desdegranada.com\/site\/index.php?rest_route=%2Fwp%2Fv2%2Ftags&post=238"}],"curies":[{"name":"wp","href":"https:\/\/api.w.org\/{rel}","templated":true}]}}