{"id":239,"date":"2020-06-10T14:52:35","date_gmt":"2020-06-10T14:52:35","guid":{"rendered":"https:\/\/www.desdegranada.com\/site\/?p=239"},"modified":"2020-06-10T14:52:35","modified_gmt":"2020-06-10T14:52:35","slug":"es-ir-mirando-que-mas-proyectos-podemos-gestionar-para-el-hospital-aleyda-londono-henao-gerente","status":"publish","type":"post","link":"https:\/\/www.desdegranada.com\/site\/?p=239","title":{"rendered":"\u00abEs ir mirando que m\u00e1s proyectos podemos gestionar para el hospital\u00bb: Aleyda Londo\u00f1o Henao, gerente"},"content":{"rendered":"<p style=\"text-align: justify;\">Desde Granada: Desde el 21 de mayo asumi\u00f3 como nueva gerente, en primer momento le damos la bienvenida al municipio de Granada.<\/p>\n<p style=\"text-align: justify;\">Aleyda Londo\u00f1o Henao: Much\u00edsimas gracias, muy querido por la invitaci\u00f3n y obviamente la idea es que la comunidad granadina nos conozca, qui\u00e9nes somos primero como persona y que estamos ac\u00e1 dentro de la Instituci\u00f3n para prestar un buen servicio. La gerencia est\u00e1 de puertas abiertas para alguna inquietud.<\/p>\n<p style=\"text-align: justify;\">\u00a0<\/p>\n<p style=\"text-align: justify;\">D.G: Cu\u00e9ntenos un poco de su trayectoria profesional.\u00a0<\/p>\n<p style=\"text-align: justify;\">A.L.H: Primero que todo, soy psic\u00f3loga, me gradu\u00e9 en el a\u00f1o 2011, soy especialista en intervenciones psicosociales de la Universidad Luis Amig\u00f3 y he trabajado b\u00e1sicamente en el sector p\u00fablico. Con el Hospital ESE Carisma en Medell\u00edn, con los habitantes de calle, haciendo cl\u00ednica, haciendo trabajos comunitarios, en Instituciones Educativas, con la Gobernaci\u00f3n y ahora me encuentro prestando el servicio con ustedes.<\/p>\n<p style=\"text-align: justify;\">\u00a0<\/p>\n<p style=\"text-align: justify;\">D.G: \u00bfSu \u00faltima experiencia fue en el municipio de El Santuario?\u00a0<\/p>\n<p style=\"text-align: justify;\">A.L.H: Mi \u00faltima experiencia fue ac\u00e1 en Granada.\u00a0 Yo trabaj\u00e9 el a\u00f1o pasado apoyando el proyecto de APS. Me pareci\u00f3 una comunidad s\u00faper encantadora, muy linda para trabajar, muy acogedora, sencillos y humildes. \u00a0\u00a0Me parece una comunidad excelente, de hecho, mi familia tambi\u00e9n es de Granada, entonces tengo ra\u00edces granadinas, de ac\u00e1 es mi abuela.<\/p>\n<p style=\"text-align: justify;\">\u00a0<\/p>\n<p style=\"text-align: justify;\"><img decoding=\"async\" src=\"images\/Nueva_gerente_ESE_HPCG_2.jpg\" alt=\"\" \/><\/p>\n<p style=\"text-align: justify;\">D.G: \u00bfC\u00f3mo fue el proceso para llegar a la Gerencia el hospital?\u00a0<\/p>\n<p style=\"text-align: justify;\">A.L.H: Es un proceso siempre larguito, porque es de selecci\u00f3n, presentar la hoja de vida, unas pruebas, entrevista y a la espera de quedar elegidos.\u00a0 Afortunadamente cont\u00e9 con la dicha de estar ac\u00e1 trabajando en esta comunidad granadina y en este hospital.<\/p>\n<p style=\"text-align: justify;\">\u00a0<\/p>\n<p style=\"text-align: justify;\">D.G: \u00bfQu\u00e9 la motiv\u00f3 a participar del proceso?\u00a0<\/p>\n<p style=\"text-align: justify;\">A.L.H: A m\u00ed siempre me ha gustado mucho trabajar en el sector salud, de hecho, siempre lo he hecho desde que me gradu\u00e9 como profesional; siempre he estado en esas instituciones del sector salud y dije qu\u00e9 rico ser gerente de un hospital, poder trabajar con la comunidad, ayudar, porque uno de estos puestos puede apoyar a la comunidad. El llegar aqu\u00ed es como un motivo muy grande.<\/p>\n<p style=\"text-align: justify;\">\u00a0<\/p>\n<p style=\"text-align: justify;\">D.G: \u00bfC\u00f3mo encontr\u00f3 el hospital padre Clemente?\u00a0<\/p>\n<p style=\"text-align: justify;\">A.L.H: Primero que todo es agradecerle al doctor V\u00edctor, porque \u00e9l es un excelente gerente, un gran gestionador. La labor que \u00e9l realiz\u00f3 en el tiempo que estuvo ac\u00e1 fue maravillosa.\u00a0 El hospital lo encontr\u00e9 muy bien dotado y podemos ver lo \u00faltimo que ellos hicieron que fue la infraestructura donde est\u00e1 la parte administrativa, la gerencia, entonces es continuar con esos retos e ir mirando que m\u00e1s proyectos podemos gestionar para el hospital. \u00a0Estamos apenas iniciando y es conocer como todas estas necesidades, que son muchas, pero que obviamente vamos a lograrlo con la ayuda de la comunidad, son el motor fundamental.<\/p>\n<p style=\"text-align: justify;\">\u00a0<\/p>\n<p style=\"text-align: justify;\">D.G: \u00bfCu\u00e1l ser\u00e1 su principal reto en su gerencia?\u00a0<\/p>\n<p style=\"text-align: justify;\">A.L.H:\u00a0 Yo dir\u00eda que ser\u00eda de pronto como el clima laboral, las relaciones interpersonales. Fortalecerlas, porque sabemos que en toda parte donde lleguemos siempre vamos a encontrar esos roces, entonces la idea es como fortalecernos como instituci\u00f3n, como equipo de trabajo, que seamos uno solo, y que no encontremos como peque\u00f1as islas, sino que estemos muy unidos.<\/p>\n<p style=\"text-align: justify;\">\u00a0<\/p>\n<p style=\"text-align: justify;\">D.G: Estamos enfrentando un enorme reto con la pandemia del covid -19. Granada ya cont\u00f3 con el primer caso positivo. \u00bfC\u00f3mo continuar el trabajo preventivo ante la pandemia cuando cada vez m\u00e1s sectores productivos retoman labores?\u00a0<\/p>\n<p style=\"text-align: justify;\">A.L.H: Es hacerle una invitaci\u00f3n a la comunidad a que sigamos con los protocolos de bioseguridad, utilizar el tapabocas, el lavado frecuente de manos, evitar las aglomeraciones, conservar las distancias. \u00a0Si soy una persona que tengo enfermedades, entonces evitar salir, pero si tengo que hacerlo, evitar ir d\u00f3nde est\u00e1n esas aglomeraciones.<\/p>\n<p>\u00a0<\/p>\n<p>\u00a0<\/p>\n","protected":false},"excerpt":{"rendered":"<p style=\"text-align: justify;\">La psic\u00f3loga, Aleyda Londo\u00f1o Henao, asumi\u00f3 el reto de gerenciar el Hospital Padre Clemente Giraldo. Llega a reemplazar al doctor V\u00edctor Hoyos, quien se desempe\u00f1o por espacio de 8 a\u00f1os. Compartimos la entrevista con la nueva gerente, en la cual nos cuenta de su trayectoria y sobre sus retos en el hospital.<\/p>\n","protected":false},"author":1,"featured_media":0,"comment_status":"open","ping_status":"open","sticky":false,"template":"","format":"standard","meta":{"footnotes":""},"categories":[19],"tags":[],"class_list":["post-239","post","type-post","status-publish","format-standard","hentry","category-noticias"],"_links":{"self":[{"href":"https:\/\/www.desdegranada.com\/site\/index.php?rest_route=\/wp\/v2\/posts\/239","targetHints":{"allow":["GET"]}}],"collection":[{"href":"https:\/\/www.desdegranada.com\/site\/index.php?rest_route=\/wp\/v2\/posts"}],"about":[{"href":"https:\/\/www.desdegranada.com\/site\/index.php?rest_route=\/wp\/v2\/types\/post"}],"author":[{"embeddable":true,"href":"https:\/\/www.desdegranada.com\/site\/index.php?rest_route=\/wp\/v2\/users\/1"}],"replies":[{"embeddable":true,"href":"https:\/\/www.desdegranada.com\/site\/index.php?rest_route=%2Fwp%2Fv2%2Fcomments&post=239"}],"version-history":[{"count":0,"href":"https:\/\/www.desdegranada.com\/site\/index.php?rest_route=\/wp\/v2\/posts\/239\/revisions"}],"wp:attachment":[{"href":"https:\/\/www.desdegranada.com\/site\/index.php?rest_route=%2Fwp%2Fv2%2Fmedia&parent=239"}],"wp:term":[{"taxonomy":"category","embeddable":true,"href":"https:\/\/www.desdegranada.com\/site\/index.php?rest_route=%2Fwp%2Fv2%2Fcategories&post=239"},{"taxonomy":"post_tag","embeddable":true,"href":"https:\/\/www.desdegranada.com\/site\/index.php?rest_route=%2Fwp%2Fv2%2Ftags&post=239"}],"curies":[{"name":"wp","href":"https:\/\/api.w.org\/{rel}","templated":true}]}}