{"id":241,"date":"2020-06-11T17:37:06","date_gmt":"2020-06-11T17:37:06","guid":{"rendered":"https:\/\/www.desdegranada.com\/site\/?p=241"},"modified":"2020-06-11T17:37:06","modified_gmt":"2020-06-11T17:37:06","slug":"flota-granada-reanuda-servicio-de-transporte-de-pasajeros-con-excepciones","status":"publish","type":"post","link":"https:\/\/www.desdegranada.com\/site\/?p=241","title":{"rendered":"Flota Granada reanuda servicio de transporte de pasajeros con excepciones"},"content":{"rendered":"<p style=\"text-align: justify;\">Para hacer uso del servicio, la persona que requiera transportarse, deber\u00e1 solicitar el tiquete con un d\u00eda de anticipaci\u00f3n en la taquilla del municipio de Granada, acreditando su excepci\u00f3n y presentando copia de la c\u00e9dula de ciudadan\u00eda o documento de identidad.<\/p>\n<p style=\"text-align: justify;\">El despacho de buses se estar\u00e1 realizando en los siguientes horarios:<\/p>\n<p style=\"text-align: justify;\">\u00a0<\/p>\n<table>\n<tbody>\n<tr>\n<td width=\"142\">\n<p><strong><em>Destino<\/em><\/strong><\/p>\n<\/td>\n<td width=\"132\">\n<p><strong><em>Hora de salida<\/em><\/strong><\/p>\n<\/td>\n<\/tr>\n<tr>\n<td width=\"142\">\n<p>Granada &#8211; Medell\u00edn<\/p>\n<\/td>\n<td width=\"132\">\n<p>6:00a.m<\/p>\n<\/td>\n<\/tr>\n<tr>\n<td width=\"142\">\n<p>Medell\u00edn &#8211; Granada<\/p>\n<\/td>\n<td width=\"132\">\n<p>2:45p.m<\/p>\n<\/td>\n<\/tr>\n<tr>\n<td width=\"142\">\n<p>Granada &#8211; Rionegro<\/p>\n<\/td>\n<td width=\"132\">\n<p>6:30a.m<\/p>\n<\/td>\n<\/tr>\n<tr>\n<td width=\"142\">\n<p>Granada &#8211; Rionegro<\/p>\n<\/td>\n<td width=\"132\">\n<p>8:30a.m<\/p>\n<\/td>\n<\/tr>\n<tr>\n<td width=\"142\">\n<p>Granada &#8211; Rionegro<\/p>\n<\/td>\n<td width=\"132\">\n<p>11:30a.m<\/p>\n<\/td>\n<\/tr>\n<tr>\n<td width=\"142\">\n<p>Rionegro &#8211; Granada<\/p>\n<\/td>\n<td width=\"132\">\n<p>10:00a.m<\/p>\n<\/td>\n<\/tr>\n<tr>\n<td width=\"142\">\n<p>Rionegro &#8211; Granada<\/p>\n<\/td>\n<td width=\"132\">\n<p>12:00m<\/p>\n<\/td>\n<\/tr>\n<tr>\n<td width=\"142\">\n<p>Rionegro &#8211; Granada<\/p>\n<\/td>\n<td width=\"132\">\n<p>3:45p.m<\/p>\n<\/td>\n<\/tr>\n<\/tbody>\n<\/table>\n<p style=\"text-align: justify;\">\u00a0<\/p>\n<p style=\"text-align: justify;\">El servicio de transporte de pasajeros por parte de Flota Granda se retoma con el cumplimiento del protocolo de bioseguridad requerido como lo son la desinfecci\u00f3n de los buses, el distanciamiento de pasajeros y el uso obligatorio de tapabocas para conductores, auxiliares y pasajeros.<\/p>\n<p style=\"text-align: justify;\">Los valores de los pasajes ser\u00e1n los siguientes:<\/p>\n<p style=\"text-align: justify;\">Medell\u00edn: $15.000.<\/p>\n<p style=\"text-align: justify;\">Rionegro: $ 10.000.<\/p>\n<p style=\"text-align: justify;\">Marinilla: $ 8.000.<\/p>\n<p style=\"text-align: justify;\">Santuario: $5.000.<\/p>\n<p style=\"text-align: justify;\">Para mayor informaci\u00f3n, comunicarse al celular 311 718 0383.<\/p>\n","protected":false},"excerpt":{"rendered":"<p style=\"text-align: justify;\">A partir del pr\u00f3ximo 16 de junio, la Flota Granada empezar\u00e1 a prestar nuevamente el servicio de transporte de pasajeros para todas las personas que est\u00e9n dentro de las excepciones contempladas en el decreto 636 de 2020.<\/p>\n","protected":false},"author":1,"featured_media":0,"comment_status":"open","ping_status":"open","sticky":false,"template":"","format":"standard","meta":{"footnotes":""},"categories":[19],"tags":[],"class_list":["post-241","post","type-post","status-publish","format-standard","hentry","category-noticias"],"_links":{"self":[{"href":"https:\/\/www.desdegranada.com\/site\/index.php?rest_route=\/wp\/v2\/posts\/241","targetHints":{"allow":["GET"]}}],"collection":[{"href":"https:\/\/www.desdegranada.com\/site\/index.php?rest_route=\/wp\/v2\/posts"}],"about":[{"href":"https:\/\/www.desdegranada.com\/site\/index.php?rest_route=\/wp\/v2\/types\/post"}],"author":[{"embeddable":true,"href":"https:\/\/www.desdegranada.com\/site\/index.php?rest_route=\/wp\/v2\/users\/1"}],"replies":[{"embeddable":true,"href":"https:\/\/www.desdegranada.com\/site\/index.php?rest_route=%2Fwp%2Fv2%2Fcomments&post=241"}],"version-history":[{"count":0,"href":"https:\/\/www.desdegranada.com\/site\/index.php?rest_route=\/wp\/v2\/posts\/241\/revisions"}],"wp:attachment":[{"href":"https:\/\/www.desdegranada.com\/site\/index.php?rest_route=%2Fwp%2Fv2%2Fmedia&parent=241"}],"wp:term":[{"taxonomy":"category","embeddable":true,"href":"https:\/\/www.desdegranada.com\/site\/index.php?rest_route=%2Fwp%2Fv2%2Fcategories&post=241"},{"taxonomy":"post_tag","embeddable":true,"href":"https:\/\/www.desdegranada.com\/site\/index.php?rest_route=%2Fwp%2Fv2%2Ftags&post=241"}],"curies":[{"name":"wp","href":"https:\/\/api.w.org\/{rel}","templated":true}]}}