{"id":242,"date":"2020-06-13T15:24:11","date_gmt":"2020-06-13T15:24:11","guid":{"rendered":"https:\/\/www.desdegranada.com\/site\/?p=242"},"modified":"2020-06-13T15:24:11","modified_gmt":"2020-06-13T15:24:11","slug":"toque-de-queda-y-ley-seca-en-granada-durante-este-fin-de-semana-festivo","status":"publish","type":"post","link":"https:\/\/www.desdegranada.com\/site\/?p=242","title":{"rendered":"Toque de queda y ley seca en Granada durante este fin de semana festivo"},"content":{"rendered":"<p style=\"text-align: justify;\">El toque de queda regir\u00e1 todos los d\u00edas entre las 8:00p.m y las 5:00a.m. En este sentido, queda prohibida la libre circulaci\u00f3n de personas y veh\u00edculos por el territorio granadino en los horarios mencionados.<\/p>\n<p style=\"text-align: justify;\">La ley seca, regir\u00e1 desde las 6:00p.m de hoy s\u00e1bado \u00a0hasta las 6:00a.m del martes 16 de junio.<\/p>\n<p style=\"text-align: justify;\">Estas medidas buscan mantener el orden p\u00fablico en la localidad y preservar la salud de los granadinos. El incumplimiento de las mismas, ser\u00e1 sancionado de acuerdo al c\u00f3digo de polic\u00eda.<\/p>\n<p style=\"text-align: justify;\"><a href=\"http:\/\/granada-antioquia.gov.co\/images\/stories\/downloads\/descargas\/Documentos%202020\/DECRETO%20N%C2%B0056%20JUNIO%2011%20DE%202020.pdf\" target=\"_blank\" rel=\"noopener noreferrer\">Consulte aqu\u00ed el decreto.<\/a><\/p>\n","protected":false},"excerpt":{"rendered":"<p style=\"text-align: justify;\">Mediante el decreto N\u00b0 056 del 11 de junio de 2020, el alcalde municipal Freddy Casta\u00f1o Aristiz\u00e1bal reglament\u00f3 toque de queda y ley seca durante el fin de semana del 13 al 16 de junio.<\/p>\n","protected":false},"author":1,"featured_media":0,"comment_status":"open","ping_status":"open","sticky":false,"template":"","format":"standard","meta":{"footnotes":""},"categories":[19],"tags":[],"class_list":["post-242","post","type-post","status-publish","format-standard","hentry","category-noticias"],"_links":{"self":[{"href":"https:\/\/www.desdegranada.com\/site\/index.php?rest_route=\/wp\/v2\/posts\/242","targetHints":{"allow":["GET"]}}],"collection":[{"href":"https:\/\/www.desdegranada.com\/site\/index.php?rest_route=\/wp\/v2\/posts"}],"about":[{"href":"https:\/\/www.desdegranada.com\/site\/index.php?rest_route=\/wp\/v2\/types\/post"}],"author":[{"embeddable":true,"href":"https:\/\/www.desdegranada.com\/site\/index.php?rest_route=\/wp\/v2\/users\/1"}],"replies":[{"embeddable":true,"href":"https:\/\/www.desdegranada.com\/site\/index.php?rest_route=%2Fwp%2Fv2%2Fcomments&post=242"}],"version-history":[{"count":0,"href":"https:\/\/www.desdegranada.com\/site\/index.php?rest_route=\/wp\/v2\/posts\/242\/revisions"}],"wp:attachment":[{"href":"https:\/\/www.desdegranada.com\/site\/index.php?rest_route=%2Fwp%2Fv2%2Fmedia&parent=242"}],"wp:term":[{"taxonomy":"category","embeddable":true,"href":"https:\/\/www.desdegranada.com\/site\/index.php?rest_route=%2Fwp%2Fv2%2Fcategories&post=242"},{"taxonomy":"post_tag","embeddable":true,"href":"https:\/\/www.desdegranada.com\/site\/index.php?rest_route=%2Fwp%2Fv2%2Ftags&post=242"}],"curies":[{"name":"wp","href":"https:\/\/api.w.org\/{rel}","templated":true}]}}