{"id":244,"date":"2020-06-17T16:05:14","date_gmt":"2020-06-17T16:05:14","guid":{"rendered":"https:\/\/www.desdegranada.com\/site\/?p=244"},"modified":"2020-06-17T16:05:14","modified_gmt":"2020-06-17T16:05:14","slug":"10-familias-afectadas-tras-quema-de-trapiche-en-la-aguada","status":"publish","type":"post","link":"https:\/\/www.desdegranada.com\/site\/?p=244","title":{"rendered":"10 familias afectadas tras quema de trapiche en La Aguada"},"content":{"rendered":"<p style=\"text-align: justify;\">Toda una tradici\u00f3n familiar qued\u00f3 afectada por un hecho al que no encuentran explicaci\u00f3n, al parecer no fue algo accidental \u201cnosotros no tenemos indicios de nada, porque nosotros somos personas que hemos vivido toda la vida por la vereda, no hemos tenido problemas con nadie, mi esposo es una persona que le tienen mucha estimaci\u00f3n. Pero seg\u00fan vieron los vecinos, los alambres de la luz los cortaron, le dieron como un machetazo, por eso decimos que pudo ser alguien por maldad\u201d, expresa Aura Rosa con voz nost\u00e1lgica.<\/p>\n<p style=\"text-align: justify;\"><img decoding=\"async\" src=\"images\/Trapiche_La_Aguada.jpg\" alt=\"\" \/><br \/>\u201cEl domingo m\u00e1s o menos a las 7 de la noche result\u00f3 la ramada incendiada, de todas maneras, mi esposo vino muy preocupado, sali\u00f3 r\u00e1pido a ver lo que era. A lo que vio que era la ramada, no quiso entrar, no se sinti\u00f3 capaz de ver lo que qued\u00f3. La ramada qued\u00f3 pr\u00e1cticamente en cenizas, no qued\u00f3 nada, solo unas columnas de cemento\u201d, nos cont\u00f3 Aura Rosa Aristiz\u00e1bal.<br \/>El trapiche de la vereda La Aguada, sector los Guayabos, beneficiaba a unas 10 familias de la vereda, \u201cera una ramada que ten\u00eda mucho tiempo, toda la familia sobrevivi\u00f3 con ese trapiche, usted sabe que uno se levanta con aguapanelita. No fue una simple ramada que quemaron, fue algo muy simb\u00f3lico para todos\u201d, recalca.<\/p>\n<p style=\"text-align: justify;\"><em><strong>La solidaridad ya mueve a los coterr\u00e1neos.<\/strong><\/em><br \/>Al conocer la dura noticia, algunos granadinos reunidos en un grupo de whatsapp llamado: Huellas de mi pueblo, empezaron a sentir el llamado solidario para ayudar a recuperar dicho trapiche, ser\u00e1 un proceso que inicie, en el que seguro muchos nos sumaremos, para seguir resaltando esa bonita cualidad de los granadinos.<\/p>\n","protected":false},"excerpt":{"rendered":"<p style=\"text-align: justify;\">El d\u00eda domingo 14 de junio do\u00f1a Aura Rosa y su esposo\u00a0Javier de Jes\u00fas se enteraron de una dura noticia: \u201cEl trapiche amaneci\u00f3 en cenizas\u201d. Sin saber el por qu\u00e9, solo el resultado de un desafortunado hecho, vieron c\u00f3mo las esperanzas de 10 familias campesinas que se beneficiaban de dicho trapiche se quemaron.<\/p>\n","protected":false},"author":1,"featured_media":0,"comment_status":"open","ping_status":"open","sticky":false,"template":"","format":"standard","meta":{"footnotes":""},"categories":[19],"tags":[],"class_list":["post-244","post","type-post","status-publish","format-standard","hentry","category-noticias"],"_links":{"self":[{"href":"https:\/\/www.desdegranada.com\/site\/index.php?rest_route=\/wp\/v2\/posts\/244","targetHints":{"allow":["GET"]}}],"collection":[{"href":"https:\/\/www.desdegranada.com\/site\/index.php?rest_route=\/wp\/v2\/posts"}],"about":[{"href":"https:\/\/www.desdegranada.com\/site\/index.php?rest_route=\/wp\/v2\/types\/post"}],"author":[{"embeddable":true,"href":"https:\/\/www.desdegranada.com\/site\/index.php?rest_route=\/wp\/v2\/users\/1"}],"replies":[{"embeddable":true,"href":"https:\/\/www.desdegranada.com\/site\/index.php?rest_route=%2Fwp%2Fv2%2Fcomments&post=244"}],"version-history":[{"count":0,"href":"https:\/\/www.desdegranada.com\/site\/index.php?rest_route=\/wp\/v2\/posts\/244\/revisions"}],"wp:attachment":[{"href":"https:\/\/www.desdegranada.com\/site\/index.php?rest_route=%2Fwp%2Fv2%2Fmedia&parent=244"}],"wp:term":[{"taxonomy":"category","embeddable":true,"href":"https:\/\/www.desdegranada.com\/site\/index.php?rest_route=%2Fwp%2Fv2%2Fcategories&post=244"},{"taxonomy":"post_tag","embeddable":true,"href":"https:\/\/www.desdegranada.com\/site\/index.php?rest_route=%2Fwp%2Fv2%2Ftags&post=244"}],"curies":[{"name":"wp","href":"https:\/\/api.w.org\/{rel}","templated":true}]}}