{"id":246,"date":"2020-06-18T17:03:39","date_gmt":"2020-06-18T17:03:39","guid":{"rendered":"https:\/\/www.desdegranada.com\/site\/?p=246"},"modified":"2020-06-18T17:03:39","modified_gmt":"2020-06-18T17:03:39","slug":"positivo-balance-deja-la-reapertura-de-transporte-de-pasajeros-a-medellin-y-rionegro","status":"publish","type":"post","link":"https:\/\/www.desdegranada.com\/site\/?p=246","title":{"rendered":"Positivo balance deja la reapertura de transporte de pasajeros a Medell\u00edn y Rionegro"},"content":{"rendered":"<p style=\"text-align: justify;\">Fueron en total 20 pasajeros los que partieron hacia Medell\u00edn en el primer veh\u00edculo, y debido a la demanda de personas que requer\u00edan el servicio, a las 6:10 a.m.\u00a0se envi\u00f3 un nuevo bus con 12 pasajeros.<br \/>Para hacer uso del servicio de transporte, es obligatorio el uso del tapabocas, se debe llevar con un d\u00eda de anticipaci\u00f3n a la taquilla de la flota un certificado que acredite que tiene el permiso para viajar y la copia del documento de identidad. Para viajar, tambi\u00e9n se debe estar con diez minutos de anticipaci\u00f3n para tomar la temperatura y realizar el proceso de desinfecci\u00f3n de los zapatos con alcohol.<\/p>\n<p style=\"text-align: justify;\"><img decoding=\"async\" src=\"images\/Transporte_FG.jpg\" alt=\"\" \/><br \/>El mismo procedimiento se realiza con las personas que viajan hacia Rionegro, con la diferencia de que las busetas s\u00f3lo pueden transportar 9 pasajeros. El d\u00eda 18 de marzo se despacharon dos busetas a las 8:30 a.m, una con 5 y otra con 4 pasajeros.<br \/>Las personas que viajan fuera del municipio en carro particular y se regresan en los veh\u00edculos de Flota Granada, se les pide\u201d que lleven el certificado de la cita m\u00e9dica en la que estuvieron y la fotocopia de la cedula, tambi\u00e9n me han llamado que quieren venir a visitar a la mam\u00e1, a el pap\u00e1, se les ha dicho que no porque a\u00fan no estamos autorizados\u201d, explic\u00f3 Martha Zuluaga, funcionaria de la empresa.<br \/>Con el tiempo, los pasajeros han acogido de buena manera el aumento en el costo del pasaje, pues entienden que la disminuci\u00f3n de personas por viaje y las debidas medidas de bioseguridad que se realizan al salir y entrar al municipio, en la terminal y en el puesto de control en El Cebadero, requieren de mayores costos.<\/p>\n","protected":false},"excerpt":{"rendered":"<p style=\"text-align: justify;\">De una manera positiva eval\u00faa la Flota Granada la reapertura del transporte hacia Medell\u00edn y Rionegro, que inici\u00f3 el martes 16 de junio con la salida de un bus a las 6 de la ma\u00f1ana.<\/p>\n","protected":false},"author":1,"featured_media":0,"comment_status":"open","ping_status":"open","sticky":false,"template":"","format":"standard","meta":{"footnotes":""},"categories":[19],"tags":[],"class_list":["post-246","post","type-post","status-publish","format-standard","hentry","category-noticias"],"_links":{"self":[{"href":"https:\/\/www.desdegranada.com\/site\/index.php?rest_route=\/wp\/v2\/posts\/246","targetHints":{"allow":["GET"]}}],"collection":[{"href":"https:\/\/www.desdegranada.com\/site\/index.php?rest_route=\/wp\/v2\/posts"}],"about":[{"href":"https:\/\/www.desdegranada.com\/site\/index.php?rest_route=\/wp\/v2\/types\/post"}],"author":[{"embeddable":true,"href":"https:\/\/www.desdegranada.com\/site\/index.php?rest_route=\/wp\/v2\/users\/1"}],"replies":[{"embeddable":true,"href":"https:\/\/www.desdegranada.com\/site\/index.php?rest_route=%2Fwp%2Fv2%2Fcomments&post=246"}],"version-history":[{"count":0,"href":"https:\/\/www.desdegranada.com\/site\/index.php?rest_route=\/wp\/v2\/posts\/246\/revisions"}],"wp:attachment":[{"href":"https:\/\/www.desdegranada.com\/site\/index.php?rest_route=%2Fwp%2Fv2%2Fmedia&parent=246"}],"wp:term":[{"taxonomy":"category","embeddable":true,"href":"https:\/\/www.desdegranada.com\/site\/index.php?rest_route=%2Fwp%2Fv2%2Fcategories&post=246"},{"taxonomy":"post_tag","embeddable":true,"href":"https:\/\/www.desdegranada.com\/site\/index.php?rest_route=%2Fwp%2Fv2%2Ftags&post=246"}],"curies":[{"name":"wp","href":"https:\/\/api.w.org\/{rel}","templated":true}]}}