{"id":247,"date":"2020-06-19T15:41:12","date_gmt":"2020-06-19T15:41:12","guid":{"rendered":"https:\/\/www.desdegranada.com\/site\/?p=247"},"modified":"2020-06-19T15:41:12","modified_gmt":"2020-06-19T15:41:12","slug":"hospital-padre-clemente-giraldo-cumplio-77-anos-de-servicio-al-pueblo-granadino","status":"publish","type":"post","link":"https:\/\/www.desdegranada.com\/site\/?p=247","title":{"rendered":"Hospital Padre Clemente Giraldo cumpli\u00f3 77 a\u00f1os de servicio al pueblo granadino"},"content":{"rendered":"<p style=\"text-align: justify;\">El alcalde Freddy Casta\u00f1o Aristiz\u00e1bal manifest\u00f3 su reconocimiento \u201cpor los a\u00f1os de entrega a la comunidad. Queremos enviar un saludo a todas las directivas en cabeza de su gerente, la doctora Aleyda Londo\u00f1o Henao y todos los dem\u00e1s funcionarios, que hacen una labor tan importante, y en nombre de todos los granadinos les damos un agradecimiento por su labor\u201d.<\/p>\n<p style=\"text-align: justify;\"><img decoding=\"async\" src=\"images\/actores_detras_del_covid-19_hospital.jpg\" alt=\"\" \/><\/p>\n<p style=\"text-align: justify;\">En una pintura simb\u00f3lica del Hospital Padre Clemente Giraldo quedaron inmortalizados los 77 a\u00f1os de compromiso y dedicaci\u00f3n por la vida y el bienestar de la comunidad. Las instituciones locales se sumaron expresando \u201cun reconocimiento especial a la instituci\u00f3n Padre Clemente Giraldo al conmemorar 77 a\u00f1os de presencia, sirviendo a la comunidad con amor, entrega y solidaridad\u201d.<\/p>\n<p style=\"text-align: justify;\">La gerente del hospital Aleyda Londo\u00f1o y el subdirector cient\u00edfico Edward Pati\u00f1o Arag\u00f3n agradecieron a la instituciones y comunidad granadina por el reconocimiento y expresaron \u201ctodos conformamos un buen equipo y por eso en este momento el hospital se puede decir que presta una buena atenci\u00f3n, compar\u00e1ndolo con muchos hospitales de esta regi\u00f3n, me siento orgulloso de pertenecer a este equipo de trabajo\u201d.<\/p>\n","protected":false},"excerpt":{"rendered":"<p style=\"text-align: justify;\">Con una eucarist\u00eda en acci\u00f3n de gracias (14 de junio, 10:00a.m), inici\u00f3 la celebraci\u00f3n de los 77 a\u00f1os del Hospital Padre Clemente Giraldo, en la que las instituciones del municipio resaltaron el arduo trabajo que han venido realizando con la comunidad granadina durante casi ocho d\u00e9cadas.<\/p>\n","protected":false},"author":1,"featured_media":0,"comment_status":"open","ping_status":"open","sticky":false,"template":"","format":"standard","meta":{"footnotes":""},"categories":[19],"tags":[],"class_list":["post-247","post","type-post","status-publish","format-standard","hentry","category-noticias"],"_links":{"self":[{"href":"https:\/\/www.desdegranada.com\/site\/index.php?rest_route=\/wp\/v2\/posts\/247","targetHints":{"allow":["GET"]}}],"collection":[{"href":"https:\/\/www.desdegranada.com\/site\/index.php?rest_route=\/wp\/v2\/posts"}],"about":[{"href":"https:\/\/www.desdegranada.com\/site\/index.php?rest_route=\/wp\/v2\/types\/post"}],"author":[{"embeddable":true,"href":"https:\/\/www.desdegranada.com\/site\/index.php?rest_route=\/wp\/v2\/users\/1"}],"replies":[{"embeddable":true,"href":"https:\/\/www.desdegranada.com\/site\/index.php?rest_route=%2Fwp%2Fv2%2Fcomments&post=247"}],"version-history":[{"count":0,"href":"https:\/\/www.desdegranada.com\/site\/index.php?rest_route=\/wp\/v2\/posts\/247\/revisions"}],"wp:attachment":[{"href":"https:\/\/www.desdegranada.com\/site\/index.php?rest_route=%2Fwp%2Fv2%2Fmedia&parent=247"}],"wp:term":[{"taxonomy":"category","embeddable":true,"href":"https:\/\/www.desdegranada.com\/site\/index.php?rest_route=%2Fwp%2Fv2%2Fcategories&post=247"},{"taxonomy":"post_tag","embeddable":true,"href":"https:\/\/www.desdegranada.com\/site\/index.php?rest_route=%2Fwp%2Fv2%2Ftags&post=247"}],"curies":[{"name":"wp","href":"https:\/\/api.w.org\/{rel}","templated":true}]}}