{"id":248,"date":"2020-06-19T18:21:53","date_gmt":"2020-06-19T18:21:53","guid":{"rendered":"https:\/\/www.desdegranada.com\/site\/?p=248"},"modified":"2020-06-19T18:21:53","modified_gmt":"2020-06-19T18:21:53","slug":"nuevamente-habra-toque-de-queda-y-ley-seca-en-granada-durante-el-fin-de-semana","status":"publish","type":"post","link":"https:\/\/www.desdegranada.com\/site\/?p=248","title":{"rendered":"Nuevamente habr\u00e1 toque de queda y ley seca en Granada durante el fin de semana"},"content":{"rendered":"<p style=\"text-align: justify;\">As\u00ed pues, estas normas que ya rigieron el fin de semana de madres y el puente festivo del 15 de junio, se adoptar\u00e1n tambi\u00e9n entre el 19 y el 23 de junio, fin de semana en el que se celebrar\u00e1 el d\u00eda del padre.<\/p>\n<p style=\"text-align: justify;\">A trav\u00e9s del decreto N\u00b0 057 del 18 de junio de 2020, queda prohibido por el mandatario de los granadinos, Freddy Casta\u00f1o Aristiz\u00e1bal, la libre circulaci\u00f3n de personas en todo el territorio municipal entre las 8:00p.m y las 5:00a.m, desde el d\u00eda viernes 19 de junio hasta el martes 23 del mismo mes.<\/p>\n<p style=\"text-align: justify;\">La medida de la ley seca, que proh\u00edbe el expendio y consumo de bebidas embriagantes, estar\u00e1 vigente desde este viernes 19 de junio a las 6:00p.m hasta el d\u00eda martes 23 de junio a las 6:00a.m.<\/p>\n<p style=\"text-align: justify;\">El toque de queda, exime a funcionarios de la administraci\u00f3n municipal y sus dependencias; empleados de la salud, empleados de la Empresa de Servicios P\u00fablicos de Granada, cuerpo de bomberos voluntarios y fuerza p\u00fablica. El incumplimiento de dichas medidas, ser\u00e1 sancionado de acuerdo al c\u00f3digo de polic\u00eda.<\/p>\n","protected":false},"excerpt":{"rendered":"<p style=\"text-align: justify;\">En medio de la pandemia del covid-19, el toque de queda y la ley seca han sido algunas de las medidas adicionales adoptadas por el gobierno local durante los \u00faltimos puentes festivos y fechas especiales con miras a mantener el orden p\u00fablico y preservar la salud de todos los granadinos.<\/p>\n","protected":false},"author":1,"featured_media":0,"comment_status":"open","ping_status":"open","sticky":false,"template":"","format":"standard","meta":{"footnotes":""},"categories":[19],"tags":[],"class_list":["post-248","post","type-post","status-publish","format-standard","hentry","category-noticias"],"_links":{"self":[{"href":"https:\/\/www.desdegranada.com\/site\/index.php?rest_route=\/wp\/v2\/posts\/248","targetHints":{"allow":["GET"]}}],"collection":[{"href":"https:\/\/www.desdegranada.com\/site\/index.php?rest_route=\/wp\/v2\/posts"}],"about":[{"href":"https:\/\/www.desdegranada.com\/site\/index.php?rest_route=\/wp\/v2\/types\/post"}],"author":[{"embeddable":true,"href":"https:\/\/www.desdegranada.com\/site\/index.php?rest_route=\/wp\/v2\/users\/1"}],"replies":[{"embeddable":true,"href":"https:\/\/www.desdegranada.com\/site\/index.php?rest_route=%2Fwp%2Fv2%2Fcomments&post=248"}],"version-history":[{"count":0,"href":"https:\/\/www.desdegranada.com\/site\/index.php?rest_route=\/wp\/v2\/posts\/248\/revisions"}],"wp:attachment":[{"href":"https:\/\/www.desdegranada.com\/site\/index.php?rest_route=%2Fwp%2Fv2%2Fmedia&parent=248"}],"wp:term":[{"taxonomy":"category","embeddable":true,"href":"https:\/\/www.desdegranada.com\/site\/index.php?rest_route=%2Fwp%2Fv2%2Fcategories&post=248"},{"taxonomy":"post_tag","embeddable":true,"href":"https:\/\/www.desdegranada.com\/site\/index.php?rest_route=%2Fwp%2Fv2%2Ftags&post=248"}],"curies":[{"name":"wp","href":"https:\/\/api.w.org\/{rel}","templated":true}]}}