{"id":249,"date":"2020-06-20T17:23:01","date_gmt":"2020-06-20T17:23:01","guid":{"rendered":"https:\/\/www.desdegranada.com\/site\/?p=249"},"modified":"2020-06-20T17:23:01","modified_gmt":"2020-06-20T17:23:01","slug":"conozca-en-que-veredas-granadinas-habra-suspension-del-servicio-de-energia-este-25-de-junio","status":"publish","type":"post","link":"https:\/\/www.desdegranada.com\/site\/?p=249","title":{"rendered":"Conozca en qu\u00e9 veredas granadinas habr\u00e1 suspensi\u00f3n del servicio de energ\u00eda este 25 de junio"},"content":{"rendered":"<p style=\"text-align: justify;\">Las veredas que se ver\u00e1n afectadas con la suspensi\u00f3n del servicio son: La Selva, Las Faldas, Galilea, Quebradona Abajo, Quebradona Arriba, El Tabor, El Ed\u00e9n, Los Planes, El Roble, San Esteban, La Cascada, El Vergel, La Mar\u00eda, San Mat\u00edas, La Milagrosa, Vahitos y Minitas.<\/p>\n<p style=\"text-align: justify;\">Para mayor informaci\u00f3n te puedes comunicar con la l\u00ednea de atenci\u00f3n al cliente 01 8000 415 115.<\/p>\n","protected":false},"excerpt":{"rendered":"<p style=\"text-align: justify;\">Foto: google.<\/p>\n<p style=\"text-align: justify;\">Entre las 9:00a.m y las 5:00p.m del pr\u00f3ximo jueves 25 de junio, Empresas P\u00fablicas de Medell\u00edn suspender\u00e1 el servicio de energ\u00eda en varias veredas del municipio, mientras se realizan modificaciones en la red de distribuci\u00f3n para facilitar la construcci\u00f3n de un puente peatonal.<\/p>\n","protected":false},"author":1,"featured_media":0,"comment_status":"open","ping_status":"open","sticky":false,"template":"","format":"standard","meta":{"footnotes":""},"categories":[19],"tags":[],"class_list":["post-249","post","type-post","status-publish","format-standard","hentry","category-noticias"],"_links":{"self":[{"href":"https:\/\/www.desdegranada.com\/site\/index.php?rest_route=\/wp\/v2\/posts\/249","targetHints":{"allow":["GET"]}}],"collection":[{"href":"https:\/\/www.desdegranada.com\/site\/index.php?rest_route=\/wp\/v2\/posts"}],"about":[{"href":"https:\/\/www.desdegranada.com\/site\/index.php?rest_route=\/wp\/v2\/types\/post"}],"author":[{"embeddable":true,"href":"https:\/\/www.desdegranada.com\/site\/index.php?rest_route=\/wp\/v2\/users\/1"}],"replies":[{"embeddable":true,"href":"https:\/\/www.desdegranada.com\/site\/index.php?rest_route=%2Fwp%2Fv2%2Fcomments&post=249"}],"version-history":[{"count":0,"href":"https:\/\/www.desdegranada.com\/site\/index.php?rest_route=\/wp\/v2\/posts\/249\/revisions"}],"wp:attachment":[{"href":"https:\/\/www.desdegranada.com\/site\/index.php?rest_route=%2Fwp%2Fv2%2Fmedia&parent=249"}],"wp:term":[{"taxonomy":"category","embeddable":true,"href":"https:\/\/www.desdegranada.com\/site\/index.php?rest_route=%2Fwp%2Fv2%2Fcategories&post=249"},{"taxonomy":"post_tag","embeddable":true,"href":"https:\/\/www.desdegranada.com\/site\/index.php?rest_route=%2Fwp%2Fv2%2Ftags&post=249"}],"curies":[{"name":"wp","href":"https:\/\/api.w.org\/{rel}","templated":true}]}}