{"id":250,"date":"2020-06-23T18:55:02","date_gmt":"2020-06-23T18:55:02","guid":{"rendered":"https:\/\/www.desdegranada.com\/site\/?p=250"},"modified":"2020-06-23T18:55:02","modified_gmt":"2020-06-23T18:55:02","slug":"jesus-maria-gomez-gomez-tripin-63-anos-de-vida-intensa-inteligente-y-apasionada","status":"publish","type":"post","link":"https:\/\/www.desdegranada.com\/site\/?p=250","title":{"rendered":"Jes\u00fas Mar\u00eda G\u00f3mez G\u00f3mez \u00abTripin\u00bb 63 a\u00f1os de vida intensa, inteligente y apasionada"},"content":{"rendered":"<p style=\"text-align: justify;\">Fue profesor, y maestro, maestro, <br \/>en la MAESTRA VIDA, sin ali\u00f1os ni alharacas.<\/p>\n<p style=\"text-align: justify;\">Estudi\u00f3 ciencias sociales y andaba entre plaza y plaza con amigos y raizales, aprendiendo y comentando, asuntos muy principales<\/p>\n<p style=\"text-align: justify;\">De frente a la fresca lluvia, o al esplendoroso sol , volvi\u00f3 a su campo nativo, a respirar en la huerta de su casa campesina de romero y albahaca, <br \/>Viendo vuelo de azulejos y redomando a sus vacas.<\/p>\n<p style=\"text-align: justify;\">Librepensador dedujo, que es l\u00edcito precisar,<br \/>Leer,<br \/>Preguntar,<br \/>Investigar y opinar;<br \/>Y que ense\u00f1ar a pensar, proponer y preguntar,<br \/>Eso se llama educar.<\/p>\n<p style=\"text-align: justify;\">Se inici\u00f3 de traje corto, hacia la escuela rural,<br \/>Y estudi\u00f3 pedagog\u00eda para despu\u00e9s ense\u00f1ar.<\/p>\n<p style=\"text-align: justify;\">Empez\u00f3 su larga huella como maestro rural,<br \/>Y pasando algunos a\u00f1os en el colegio local.<br \/>Y le apunt\u00f3 a los modelos de transformaci\u00f3n social.<\/p>\n<p style=\"text-align: justify;\">Deambul\u00f3 por cafetines, y en la plaza principal, <br \/>Escribi\u00f3 notas certeras en la revista local,<br \/>Hizo foros, conferencias en televisi\u00f3n local,<br \/>Pero en temas muy diversos entre local y mundial.<\/p>\n<p style=\"text-align: justify;\">Aqu\u00ed termina el relato de un amigo principal, <br \/>JES\u00daS MAR\u00cdA G\u00d3MEZ G\u00d3MEZ, \u00abtripin,<br \/>Muy recordado y querido en el \u00e1mbito local.<\/p>\n<p style=\"text-align: justify;\">Amigos y amigas, <br \/>Toda la vida es cantar,<br \/>Solo hay que juntar las manos, cuando un amigo se va,<br \/>Que aunque no tengamos voz, nuestro destino es cantar !<\/p>\n<p style=\"text-align: justify;\">De un amigo y de todos y todas.<\/p>\n<p style=\"text-align: justify;\">Jaime de J. Montoya Garc\u00eda.<br \/>Granada Antioquia,<br \/>Martes 23 de junio de 2020.<\/p>\n<p style=\"text-align: justify;\">Para Chuchito.<\/p>\n<p style=\"text-align: justify;\"><iframe loading=\"lazy\" src=\"\/\/www.youtube.com\/embed\/p_GcUH0MuR8\" width=\"855\" height=\"480\" allowfullscreen=\"allowfullscreen\"><\/iframe><\/p>\n","protected":false},"excerpt":{"rendered":"<p style=\"text-align: justify;\">Alma rural entre romeros y albahacas.<\/p>\n","protected":false},"author":1,"featured_media":0,"comment_status":"open","ping_status":"open","sticky":false,"template":"","format":"standard","meta":{"footnotes":""},"categories":[20],"tags":[],"class_list":["post-250","post","type-post","status-publish","format-standard","hentry","category-columnistas"],"_links":{"self":[{"href":"https:\/\/www.desdegranada.com\/site\/index.php?rest_route=\/wp\/v2\/posts\/250","targetHints":{"allow":["GET"]}}],"collection":[{"href":"https:\/\/www.desdegranada.com\/site\/index.php?rest_route=\/wp\/v2\/posts"}],"about":[{"href":"https:\/\/www.desdegranada.com\/site\/index.php?rest_route=\/wp\/v2\/types\/post"}],"author":[{"embeddable":true,"href":"https:\/\/www.desdegranada.com\/site\/index.php?rest_route=\/wp\/v2\/users\/1"}],"replies":[{"embeddable":true,"href":"https:\/\/www.desdegranada.com\/site\/index.php?rest_route=%2Fwp%2Fv2%2Fcomments&post=250"}],"version-history":[{"count":0,"href":"https:\/\/www.desdegranada.com\/site\/index.php?rest_route=\/wp\/v2\/posts\/250\/revisions"}],"wp:attachment":[{"href":"https:\/\/www.desdegranada.com\/site\/index.php?rest_route=%2Fwp%2Fv2%2Fmedia&parent=250"}],"wp:term":[{"taxonomy":"category","embeddable":true,"href":"https:\/\/www.desdegranada.com\/site\/index.php?rest_route=%2Fwp%2Fv2%2Fcategories&post=250"},{"taxonomy":"post_tag","embeddable":true,"href":"https:\/\/www.desdegranada.com\/site\/index.php?rest_route=%2Fwp%2Fv2%2Ftags&post=250"}],"curies":[{"name":"wp","href":"https:\/\/api.w.org\/{rel}","templated":true}]}}