{"id":251,"date":"2020-06-24T16:17:59","date_gmt":"2020-06-24T16:17:59","guid":{"rendered":"https:\/\/www.desdegranada.com\/site\/?p=251"},"modified":"2020-06-24T16:17:59","modified_gmt":"2020-06-24T16:17:59","slug":"mas-vehiculos-de-flota-granada-prestaran-servicio-de-pasajeros-hacia-rionegro-y-medellin","status":"publish","type":"post","link":"https:\/\/www.desdegranada.com\/site\/?p=251","title":{"rendered":"M\u00e1s veh\u00edculos de Flota Granada prestar\u00e1n servicio de pasajeros hacia Rionegro y Medell\u00edn"},"content":{"rendered":"<p style=\"text-align: justify;\">En ese sentido, a partir del pr\u00f3ximo martes 30 de junio, estar\u00e1 prestando el servicio de transporte un veh\u00edculo adicional. Estos ser\u00e1n los horarios de los buses y busetas:<\/p>\n<table>\n<tbody>\n<tr>\n<td width=\"200\">\n<p><strong><em>Hacia Rionegro<\/em><\/strong><\/p>\n<\/td>\n<td width=\"235\">\n<p><strong><em>De Rionegro a Granada<\/em><\/strong><\/p>\n<\/td>\n<\/tr>\n<tr>\n<td width=\"200\">\n<p>Bus &#8211; 6:30a.m.<\/p>\n<\/td>\n<td width=\"235\">\n<p>Bus \u2013 10:00a.m.<\/p>\n<\/td>\n<\/tr>\n<tr>\n<td width=\"200\">\n<p>Micro \u2013 8:30a.m.<\/p>\n<\/td>\n<td width=\"235\">\n<p>Micro \u2013 12:00m.<\/p>\n<\/td>\n<\/tr>\n<tr>\n<td width=\"200\">\n<p>Micro \u2013 11:30a.m.<\/p>\n<\/td>\n<td width=\"235\">\n<p>Micro: 3:15p.m.<\/p>\n<\/td>\n<\/tr>\n<tr>\n<td width=\"200\">\n<p>Bus \u2013 12:30m.<\/p>\n<\/td>\n<td width=\"235\">\n<p>Bus \u2013 5:00p.m.<\/p>\n<\/td>\n<\/tr>\n<\/tbody>\n<\/table>\n<p style=\"text-align: justify;\"><strong><em>\u00a0<img decoding=\"async\" src=\"images\/Aumento_buses_.jpg\" alt=\"\" \/><\/em><\/strong><\/p>\n<table>\n<tbody>\n<tr>\n<td width=\"200\">\n<p><strong><em>Hacia Medell\u00edn<\/em><\/strong><\/p>\n<\/td>\n<td width=\"235\">\n<p><strong><em>De Medell\u00edn hacia Granada<\/em><\/strong><\/p>\n<\/td>\n<\/tr>\n<tr>\n<td width=\"200\">\n<p>Bus &#8211; 6:00a.m.<\/p>\n<\/td>\n<td width=\"235\">\n<p>6:00a.m.<\/p>\n<\/td>\n<\/tr>\n<tr>\n<td width=\"200\">\n<p>Bus \u2013 4:00pm.<\/p>\n<\/td>\n<td width=\"235\">\n<p>2:45p.m<\/p>\n<\/td>\n<\/tr>\n<\/tbody>\n<\/table>\n<p style=\"text-align: justify;\"><strong><em>\u00a0\u00a0\u00a0\u00a0\u00a0\u00a0\u00a0\u00a0\u00a0\u00a0\u00a0\u00a0\u00a0\u00a0\u00a0\u00a0\u00a0\u00a0\u00a0\u00a0\u00a0\u00a0\u00a0\u00a0\u00a0\u00a0\u00a0\u00a0\u00a0\u00a0 \u00a0<\/em><\/strong><\/p>\n<p style=\"text-align: justify;\">Es de anotar que el servicio de transporte solo se est\u00e1 prestando a las personas que est\u00e9n dentro de las excepciones establecidas por el gobierno nacional y cumpliendo con todos los protocolos de bioseguridad.<\/p>\n","protected":false},"excerpt":{"rendered":"<p style=\"text-align: justify;\">Desde que Flota Granada reanud\u00f3 el transporte de pasajeros el pasado 16 de junio, la empresa ven\u00eda despachando diariamente 3 buses para el municipio de Rionegro y 1 bus para la ciudad de Medell\u00edn, y debido a la alta demanda del servicio, la empresa ha decidido enviar un veh\u00edculo m\u00e1s a cada uno de los destinos.<\/p>\n","protected":false},"author":1,"featured_media":0,"comment_status":"open","ping_status":"open","sticky":false,"template":"","format":"standard","meta":{"footnotes":""},"categories":[19],"tags":[],"class_list":["post-251","post","type-post","status-publish","format-standard","hentry","category-noticias"],"_links":{"self":[{"href":"https:\/\/www.desdegranada.com\/site\/index.php?rest_route=\/wp\/v2\/posts\/251","targetHints":{"allow":["GET"]}}],"collection":[{"href":"https:\/\/www.desdegranada.com\/site\/index.php?rest_route=\/wp\/v2\/posts"}],"about":[{"href":"https:\/\/www.desdegranada.com\/site\/index.php?rest_route=\/wp\/v2\/types\/post"}],"author":[{"embeddable":true,"href":"https:\/\/www.desdegranada.com\/site\/index.php?rest_route=\/wp\/v2\/users\/1"}],"replies":[{"embeddable":true,"href":"https:\/\/www.desdegranada.com\/site\/index.php?rest_route=%2Fwp%2Fv2%2Fcomments&post=251"}],"version-history":[{"count":0,"href":"https:\/\/www.desdegranada.com\/site\/index.php?rest_route=\/wp\/v2\/posts\/251\/revisions"}],"wp:attachment":[{"href":"https:\/\/www.desdegranada.com\/site\/index.php?rest_route=%2Fwp%2Fv2%2Fmedia&parent=251"}],"wp:term":[{"taxonomy":"category","embeddable":true,"href":"https:\/\/www.desdegranada.com\/site\/index.php?rest_route=%2Fwp%2Fv2%2Fcategories&post=251"},{"taxonomy":"post_tag","embeddable":true,"href":"https:\/\/www.desdegranada.com\/site\/index.php?rest_route=%2Fwp%2Fv2%2Ftags&post=251"}],"curies":[{"name":"wp","href":"https:\/\/api.w.org\/{rel}","templated":true}]}}