{"id":252,"date":"2020-06-26T18:46:29","date_gmt":"2020-06-26T18:46:29","guid":{"rendered":"https:\/\/www.desdegranada.com\/site\/?p=252"},"modified":"2020-06-26T18:46:29","modified_gmt":"2020-06-26T18:46:29","slug":"asi-funcionara-el-toque-de-queda-y-la-ley-seca-en-granada-entre-el-27-y-el-30-de-junio","status":"publish","type":"post","link":"https:\/\/www.desdegranada.com\/site\/?p=252","title":{"rendered":"As\u00ed funcionar\u00e1 el toque de queda y la ley seca en Granada entre el 27 y el 30 de junio"},"content":{"rendered":"<p style=\"text-align: justify;\">De igual manera, el decreto firmado por el mandatario local Freddy Casta\u00f1o Aristiz\u00e1bal, proh\u00edbe la venta y consumo de licor entre las 6:00p.m y las 6:00a.m de los d\u00edas anteriormente mencionados.<\/p>\n<p style=\"text-align: justify;\">As\u00ed pues, las medidas que buscan mantener el orden p\u00fablico en la localidad y preservar la salud de los granadinos, y que han regido durante los \u00faltimos puentes festivos, aplicar\u00e1n tambi\u00e9n a lo largo de este fin de semana bajo el riesgo de sanci\u00f3n de acuerdo al c\u00f3digo de polic\u00eda en caso de incumplimiento.<\/p>\n<p style=\"text-align: justify;\"><a href=\"http:\/\/granada-antioquia.gov.co\/images\/stories\/downloads\/descargas\/Documentos%202020\/DECRETO%20N%C2%B0058%20DEL%2025%20DE%20JUNIO%20DE%202020.pdf\" target=\"_blank\" rel=\"noopener noreferrer\">Consulte el decreto aqu\u00ed.<\/a><\/p>\n","protected":false},"excerpt":{"rendered":"<p style=\"text-align: justify;\">A partir de este s\u00e1bado 27 de junio, entre las 8:00p.m y las 5:00a.m, empieza a regir la medida de toque de queda contemplada en el decreto N\u00b0 058 del 25 de junio de 2020, y que se extender\u00e1 hasta el martes 30 \u00a0en el municipio de Granada.<\/p>\n","protected":false},"author":1,"featured_media":0,"comment_status":"open","ping_status":"open","sticky":false,"template":"","format":"standard","meta":{"footnotes":""},"categories":[19],"tags":[],"class_list":["post-252","post","type-post","status-publish","format-standard","hentry","category-noticias"],"_links":{"self":[{"href":"https:\/\/www.desdegranada.com\/site\/index.php?rest_route=\/wp\/v2\/posts\/252","targetHints":{"allow":["GET"]}}],"collection":[{"href":"https:\/\/www.desdegranada.com\/site\/index.php?rest_route=\/wp\/v2\/posts"}],"about":[{"href":"https:\/\/www.desdegranada.com\/site\/index.php?rest_route=\/wp\/v2\/types\/post"}],"author":[{"embeddable":true,"href":"https:\/\/www.desdegranada.com\/site\/index.php?rest_route=\/wp\/v2\/users\/1"}],"replies":[{"embeddable":true,"href":"https:\/\/www.desdegranada.com\/site\/index.php?rest_route=%2Fwp%2Fv2%2Fcomments&post=252"}],"version-history":[{"count":0,"href":"https:\/\/www.desdegranada.com\/site\/index.php?rest_route=\/wp\/v2\/posts\/252\/revisions"}],"wp:attachment":[{"href":"https:\/\/www.desdegranada.com\/site\/index.php?rest_route=%2Fwp%2Fv2%2Fmedia&parent=252"}],"wp:term":[{"taxonomy":"category","embeddable":true,"href":"https:\/\/www.desdegranada.com\/site\/index.php?rest_route=%2Fwp%2Fv2%2Fcategories&post=252"},{"taxonomy":"post_tag","embeddable":true,"href":"https:\/\/www.desdegranada.com\/site\/index.php?rest_route=%2Fwp%2Fv2%2Ftags&post=252"}],"curies":[{"name":"wp","href":"https:\/\/api.w.org\/{rel}","templated":true}]}}