{"id":253,"date":"2020-06-30T19:20:52","date_gmt":"2020-06-30T19:20:52","guid":{"rendered":"https:\/\/www.desdegranada.com\/site\/?p=253"},"modified":"2020-06-30T19:20:52","modified_gmt":"2020-06-30T19:20:52","slug":"entre-las-700a-m-y-las-700p-m-funcionaran-establecimientos-comerciales-a-partir-del-1-de-julio","status":"publish","type":"post","link":"https:\/\/www.desdegranada.com\/site\/?p=253","title":{"rendered":"Entre las 7:00a.m y las 7:00p.m funcionar\u00e1n establecimientos comerciales a partir del 1 de julio"},"content":{"rendered":"<p style=\"text-align: justify;\">La ampliaci\u00f3n de horarios contin\u00faa solamente para aquellos establecimientos que est\u00e1n dentro de las excepciones del decreto del gobierno nacional y cumpliendo con los protocolos de bioseguridad.<\/p>\n<p style=\"text-align: justify;\"><img decoding=\"async\" src=\"images\/Ampliacin_horarios.jpg\" alt=\"\" \/><\/p>\n<p style=\"text-align: justify;\">\u201cTengo que reiterar que todos los establecimientos cumpliendo con los protocolos de seguridad\u00bb, enfatiz\u00f3 el mandatario local.<\/p>\n","protected":false},"excerpt":{"rendered":"<p style=\"text-align: justify;\">\u00abHay un compromiso para extender el horario de los establecimientos comerciales a partir del primero de julio desde las 7:00a.m a 7:00p.m siempre y cuando no tengamos casos activos en el municipio\u00bb, dijo el alcalde municipal Freddy Casta\u00f1o Aristiz\u00e1bal en su programa \u201cEn l\u00ednea con la alcald\u00eda\u201d.<\/p>\n","protected":false},"author":1,"featured_media":0,"comment_status":"open","ping_status":"open","sticky":false,"template":"","format":"standard","meta":{"footnotes":""},"categories":[19],"tags":[],"class_list":["post-253","post","type-post","status-publish","format-standard","hentry","category-noticias"],"_links":{"self":[{"href":"https:\/\/www.desdegranada.com\/site\/index.php?rest_route=\/wp\/v2\/posts\/253","targetHints":{"allow":["GET"]}}],"collection":[{"href":"https:\/\/www.desdegranada.com\/site\/index.php?rest_route=\/wp\/v2\/posts"}],"about":[{"href":"https:\/\/www.desdegranada.com\/site\/index.php?rest_route=\/wp\/v2\/types\/post"}],"author":[{"embeddable":true,"href":"https:\/\/www.desdegranada.com\/site\/index.php?rest_route=\/wp\/v2\/users\/1"}],"replies":[{"embeddable":true,"href":"https:\/\/www.desdegranada.com\/site\/index.php?rest_route=%2Fwp%2Fv2%2Fcomments&post=253"}],"version-history":[{"count":0,"href":"https:\/\/www.desdegranada.com\/site\/index.php?rest_route=\/wp\/v2\/posts\/253\/revisions"}],"wp:attachment":[{"href":"https:\/\/www.desdegranada.com\/site\/index.php?rest_route=%2Fwp%2Fv2%2Fmedia&parent=253"}],"wp:term":[{"taxonomy":"category","embeddable":true,"href":"https:\/\/www.desdegranada.com\/site\/index.php?rest_route=%2Fwp%2Fv2%2Fcategories&post=253"},{"taxonomy":"post_tag","embeddable":true,"href":"https:\/\/www.desdegranada.com\/site\/index.php?rest_route=%2Fwp%2Fv2%2Ftags&post=253"}],"curies":[{"name":"wp","href":"https:\/\/api.w.org\/{rel}","templated":true}]}}