{"id":254,"date":"2020-07-01T21:43:44","date_gmt":"2020-07-01T21:43:44","guid":{"rendered":"https:\/\/www.desdegranada.com\/site\/?p=254"},"modified":"2020-07-01T21:43:44","modified_gmt":"2020-07-01T21:43:44","slug":"buenas-noticias-desde-la-gobernacion-de-cara-a-la-intervencion-de-vias-secundarias-en-granada","status":"publish","type":"post","link":"https:\/\/www.desdegranada.com\/site\/?p=254","title":{"rendered":"Buenas noticias desde la Gobernaci\u00f3n de cara a la intervenci\u00f3n de v\u00edas secundarias en Granada"},"content":{"rendered":"<p style=\"text-align: justify;\">Y es que, en el caso puntual de los circuitos viales, en el documento, que se convierte en la hoja de ruta para Antioquia en el presente cuatrenio (2020 -2023), est\u00e1n priorizadas como v\u00edas estrat\u00e9gicas los corredores Cocorn\u00e1 &#8211; Granada y San Carlos \u2013 Granada.<\/p>\n<p style=\"text-align: justify;\">Sobre una reuni\u00f3n que mantuvieron el anterior s\u00e1bado el mandatario local, funcionarios de la administraci\u00f3n municipal y representaci\u00f3n del concejo municipal con el secretario de infraestructura del departamento, el alcalde Freddy Casta\u00f1o destac\u00f3 que \u201cnos ratifica que vamos a cerrar ese anillo vial hist\u00f3rico, necesario, que es un sue\u00f1o que se va a convertir en realidad de la v\u00eda Granada \u2013 San Carlos y hablamos de fechas, para el 2022\u201d.<\/p>\n<p style=\"text-align: justify;\"><img decoding=\"async\" src=\"images\/Pavimentacin_vas_secundarias.jpg\" alt=\"\" \/><\/p>\n<p style=\"text-align: justify;\">\u201cSon unas noticias muy importantes y que nos alegran mucho. De las certezas que nos habl\u00f3, casi que habr\u00e1 una inversi\u00f3n importante en todos lados; la v\u00eda Granada &#8211; San Carlos, la v\u00eda Granada &#8211; Santuario o Granda &#8211; Autopista y Granada \u2013 Cocorn\u00e1, que es alterna y muy importante\u201d, fueron las palabras del lado del presidente del Honorable Concejo Municipal, Edwin Fernando Giraldo.<\/p>\n<p style=\"text-align: justify;\">Por muchos a\u00f1os la pavimentaci\u00f3n de la v\u00eda Granada \u2013 San Carlos ha sido un anhelo no solo para los pobladores de las dos localidades, sino tambi\u00e9n para los mandatarios que han pasado por cada una de las administraciones y que han realizado esfuerzos importantes para, poco a poco, ir avanzando en este prop\u00f3sito. Despu\u00e9s de los trabajos que se vienen adelantando actualmente sobre la v\u00eda Granada &#8211; San Carlos, quedar\u00e1n restando 9.2 kil\u00f3metros para que esta quede pavimentada en su totalidad. Asimismo, la v\u00eda que comunica a Cocorn\u00e1 y Granada servir\u00e1 para acercar a estos dos municipios.<\/p>\n","protected":false},"excerpt":{"rendered":"<p style=\"text-align: justify;\">Luego de conocer el plan de desarrollo de Antioquia \u201cUnidos por la vida\u201d, desde el que se tiene una apuesta ambiciosa por mejorar la red vial departamental y la conectividad del territorio, ha quedado una buena sensaci\u00f3n dentro de la administraci\u00f3n municipal y en la poblaci\u00f3n granadina en general.<\/p>\n","protected":false},"author":1,"featured_media":0,"comment_status":"open","ping_status":"open","sticky":false,"template":"","format":"standard","meta":{"footnotes":""},"categories":[19],"tags":[],"class_list":["post-254","post","type-post","status-publish","format-standard","hentry","category-noticias"],"_links":{"self":[{"href":"https:\/\/www.desdegranada.com\/site\/index.php?rest_route=\/wp\/v2\/posts\/254","targetHints":{"allow":["GET"]}}],"collection":[{"href":"https:\/\/www.desdegranada.com\/site\/index.php?rest_route=\/wp\/v2\/posts"}],"about":[{"href":"https:\/\/www.desdegranada.com\/site\/index.php?rest_route=\/wp\/v2\/types\/post"}],"author":[{"embeddable":true,"href":"https:\/\/www.desdegranada.com\/site\/index.php?rest_route=\/wp\/v2\/users\/1"}],"replies":[{"embeddable":true,"href":"https:\/\/www.desdegranada.com\/site\/index.php?rest_route=%2Fwp%2Fv2%2Fcomments&post=254"}],"version-history":[{"count":0,"href":"https:\/\/www.desdegranada.com\/site\/index.php?rest_route=\/wp\/v2\/posts\/254\/revisions"}],"wp:attachment":[{"href":"https:\/\/www.desdegranada.com\/site\/index.php?rest_route=%2Fwp%2Fv2%2Fmedia&parent=254"}],"wp:term":[{"taxonomy":"category","embeddable":true,"href":"https:\/\/www.desdegranada.com\/site\/index.php?rest_route=%2Fwp%2Fv2%2Fcategories&post=254"},{"taxonomy":"post_tag","embeddable":true,"href":"https:\/\/www.desdegranada.com\/site\/index.php?rest_route=%2Fwp%2Fv2%2Ftags&post=254"}],"curies":[{"name":"wp","href":"https:\/\/api.w.org\/{rel}","templated":true}]}}