{"id":255,"date":"2020-07-03T21:33:16","date_gmt":"2020-07-03T21:33:16","guid":{"rendered":"https:\/\/www.desdegranada.com\/site\/?p=255"},"modified":"2020-07-03T21:33:16","modified_gmt":"2020-07-03T21:33:16","slug":"gilberto-y-unas-manos-que-hacen-arte-a-partir-de-la-madera","status":"publish","type":"post","link":"https:\/\/www.desdegranada.com\/site\/?p=255","title":{"rendered":"Gilberto y unas manos que hacen arte a partir de la madera"},"content":{"rendered":"<p style=\"text-align: justify;\">Cortar una tabla, cepillar o lijar alg\u00fan trozo de madera, poner o quitar con su taladro una bisagra o una chapa a una puerta que acaba de construir. Todo eso lo hace \u00e9l en su taller, mientras lo acompa\u00f1a la radio, a veces a todo volumen, y su ayudante.<\/p>\n<p style=\"text-align: justify;\">\u201cYo elaboro lo que son taburetes, sillas de sala, cocinas, closets, camas, todo lo relacionado con la madera. Todo eso de la restauraci\u00f3n tambi\u00e9n se hace\u201d, cuenta\u2026 \u201cMe levanto a las seis y cuarto o seis y media de la ma\u00f1ana, un ba\u00f1ito, se viste uno y sale para el trabajo. Llego aqu\u00ed, organizo, barro un poquito y me pongo ya a organizar lo del d\u00eda, que es la lijada, me pongo a hacer una cama, un taburete o cualquier otra cosa que me resulte. A las 2 de la tarde voy y almuerzo, y otra vez regreso a trabajar hasta las cinco, que es el horario en estos momentos\u201d.<\/p>\n<p style=\"text-align: justify;\"><img loading=\"lazy\" decoding=\"async\" src=\"images\/Chivato_2.jpg\" alt=\"\" width=\"744\" height=\"435\" \/><\/p>\n<p style=\"text-align: justify;\">Gilberto es un hombre de tez y cabello claro, y durante casi todo el d\u00eda su ropa est\u00e1 empolvada por el aserr\u00edn que produce la madera. Eso s\u00ed, una parte de su rostro la mantiene cubierta con un tapabocas para evitar ese mismo polvo o virutas mientras trabaja.<\/p>\n<p style=\"text-align: justify;\">Pero la mayor\u00eda de las personas lo conocen es por su apodo, como es costumbre en muchos pueblos, y normalmente uno escucha hablar es del reconocido \u2018Chivato\u2019.<\/p>\n<p style=\"text-align: justify;\">\u201cLa historia de Chivato es que todos los profesores llegaban aqu\u00ed a la casa donde mi mam\u00e1. Mi mam\u00e1 les hac\u00eda de comer y les daba dormida, y un profesor lleg\u00f3 un d\u00eda, y como yo era peque\u00f1o molestaba mucho y me dec\u00eda: \u00a1Este chivatico! As\u00ed qued\u00e9 y todo el mundo me conoce como Chivato\u201d.<\/p>\n<p style=\"text-align: justify;\">El porqu\u00e9 de su remoquete, se complementa con la definici\u00f3n que da la Real Academia Espa\u00f1ola -RAE- al t\u00e9rmino chivato que es:<strong>\u00a0\u201c<\/strong>Dicho\u00a0de\u00a0un\u00a0ni\u00f1o:\u00a0Vivaz\u00a0y\u00a0atrevido,\u00a0que\u00a0mezcla\u00a0ingenio\u00a0y\u00a0descaro\u201d.<\/p>\n<p style=\"text-align: justify;\">Est\u00e1 inmerso en este oficio desde hace ya 37 a\u00f1os, cuando siendo un ni\u00f1o (12 a\u00f1os) ayudaba en una carpinter\u00eda del pueblo. A\u00f1os m\u00e1s adelante, mont\u00f3 su propio taller \u201cmi historia como carpintero aqu\u00ed en Granada comenz\u00f3 con Luis Naranjo. Despu\u00e9s del estudio, me ven\u00eda a trabajar por las tardes hasta las 10 de la noche y el me dio la oportunidad de ir trabajando hasta que ya despu\u00e9s me consegu\u00ed el tallercito\u201d.<\/p>\n<p style=\"text-align: justify;\"><img loading=\"lazy\" decoding=\"async\" src=\"images\/Chivato_1.jpg\" alt=\"\" width=\"744\" height=\"435\" \/><\/p>\n<p style=\"text-align: justify;\">Confiesa sentirse inc\u00f3modo, extra\u00f1o cuando no est\u00e1 laborando en su taller, \u201clos d\u00edas de descanso tambi\u00e9n son muy buenos, pero eso es muy horrible estar uno en la casa esperando a que le tiren a uno una comidita o cualquier cosa, es muy duro. Uno rico, conseguirse la platica y llevar el mercadito a la casa.<\/p>\n<p style=\"text-align: justify;\">\u201cMe siento orgulloso de ser carpintero por la profesi\u00f3n de Jos\u00e9, el pap\u00e1 de Jes\u00fas. Cuenta la historia que tambi\u00e9n Jes\u00fas le colaboraba en la carpinter\u00eda, y los procesos son muy bonitos y los trabajos que uno entrega tambi\u00e9n se siente elegante\u201d, dice con gestos de visible alegr\u00eda en el rostro, seguramente, por llevar dedicado parte de su vida a esta labor y para hacer referencia a que el trabajo con la madera es una de las actividades m\u00e1s antigua que existe.<\/p>\n<p style=\"text-align: justify;\"><iframe loading=\"lazy\" src=\"\/\/www.youtube.com\/embed\/WKkmCmJxFnA\" width=\"720\" height=\"480\" allowfullscreen=\"allowfullscreen\"><\/iframe><\/p>\n","protected":false},"excerpt":{"rendered":"<p style=\"text-align: justify;\">Por: Faiber Salazar.<\/p>\n<p style=\"text-align: justify;\">Rodeado de herramientas y el olor a pinos y eucaliptos que se convierte en la motivaci\u00f3n para transformar cualquier pedazo de madera en una obra de arte, transcurre el d\u00eda a d\u00eda de Gilberto Giraldo Tob\u00f3n.<\/p>\n","protected":false},"author":1,"featured_media":0,"comment_status":"open","ping_status":"open","sticky":false,"template":"","format":"standard","meta":{"footnotes":""},"categories":[20],"tags":[],"class_list":["post-255","post","type-post","status-publish","format-standard","hentry","category-columnistas"],"_links":{"self":[{"href":"https:\/\/www.desdegranada.com\/site\/index.php?rest_route=\/wp\/v2\/posts\/255","targetHints":{"allow":["GET"]}}],"collection":[{"href":"https:\/\/www.desdegranada.com\/site\/index.php?rest_route=\/wp\/v2\/posts"}],"about":[{"href":"https:\/\/www.desdegranada.com\/site\/index.php?rest_route=\/wp\/v2\/types\/post"}],"author":[{"embeddable":true,"href":"https:\/\/www.desdegranada.com\/site\/index.php?rest_route=\/wp\/v2\/users\/1"}],"replies":[{"embeddable":true,"href":"https:\/\/www.desdegranada.com\/site\/index.php?rest_route=%2Fwp%2Fv2%2Fcomments&post=255"}],"version-history":[{"count":0,"href":"https:\/\/www.desdegranada.com\/site\/index.php?rest_route=\/wp\/v2\/posts\/255\/revisions"}],"wp:attachment":[{"href":"https:\/\/www.desdegranada.com\/site\/index.php?rest_route=%2Fwp%2Fv2%2Fmedia&parent=255"}],"wp:term":[{"taxonomy":"category","embeddable":true,"href":"https:\/\/www.desdegranada.com\/site\/index.php?rest_route=%2Fwp%2Fv2%2Fcategories&post=255"},{"taxonomy":"post_tag","embeddable":true,"href":"https:\/\/www.desdegranada.com\/site\/index.php?rest_route=%2Fwp%2Fv2%2Ftags&post=255"}],"curies":[{"name":"wp","href":"https:\/\/api.w.org\/{rel}","templated":true}]}}