{"id":256,"date":"2020-07-04T16:20:11","date_gmt":"2020-07-04T16:20:11","guid":{"rendered":"https:\/\/www.desdegranada.com\/site\/?p=256"},"modified":"2020-07-04T16:20:11","modified_gmt":"2020-07-04T16:20:11","slug":"ya-seran-3-buses-diarios-los-que-flota-granada-enviara-a-medellin","status":"publish","type":"post","link":"https:\/\/www.desdegranada.com\/site\/?p=256","title":{"rendered":"Ya ser\u00e1n 3 buses diarios los que Flota Granada enviar\u00e1 a Medell\u00edn."},"content":{"rendered":"<p style=\"text-align: justify;\">Para hacer uso del transporte de flota Granada debe reservar el tiquete con un d\u00eda de anterioridad, el d\u00eda que vaya viajar estar con diez minutos de anticipaci\u00f3n para realizar las debidas medidas de bioseguridad. Para cualquier inquietud se puede comunicar con la Flota Granada al 311 718 03 83.<\/p>\n","protected":false},"excerpt":{"rendered":"<p style=\"text-align: justify;\">Flota Granada sigue reanudando gradualmente el transporte hacia la ciudad de Medell\u00edn y el municipio de Rionegro. A partir del pr\u00f3ximo lunes 6 de julio se tendr\u00e1 una modificaciiones con nuevo veh\u00edculo hacia la ciudad de Medell\u00edn saliendo del municipio de Granada a las 8 de la ma\u00f1ana, y de la ciudad de Medell\u00edn se regresar\u00e1 a las 4 de la tarde.<\/p>\n","protected":false},"author":1,"featured_media":0,"comment_status":"open","ping_status":"open","sticky":false,"template":"","format":"standard","meta":{"footnotes":""},"categories":[19],"tags":[],"class_list":["post-256","post","type-post","status-publish","format-standard","hentry","category-noticias"],"_links":{"self":[{"href":"https:\/\/www.desdegranada.com\/site\/index.php?rest_route=\/wp\/v2\/posts\/256","targetHints":{"allow":["GET"]}}],"collection":[{"href":"https:\/\/www.desdegranada.com\/site\/index.php?rest_route=\/wp\/v2\/posts"}],"about":[{"href":"https:\/\/www.desdegranada.com\/site\/index.php?rest_route=\/wp\/v2\/types\/post"}],"author":[{"embeddable":true,"href":"https:\/\/www.desdegranada.com\/site\/index.php?rest_route=\/wp\/v2\/users\/1"}],"replies":[{"embeddable":true,"href":"https:\/\/www.desdegranada.com\/site\/index.php?rest_route=%2Fwp%2Fv2%2Fcomments&post=256"}],"version-history":[{"count":0,"href":"https:\/\/www.desdegranada.com\/site\/index.php?rest_route=\/wp\/v2\/posts\/256\/revisions"}],"wp:attachment":[{"href":"https:\/\/www.desdegranada.com\/site\/index.php?rest_route=%2Fwp%2Fv2%2Fmedia&parent=256"}],"wp:term":[{"taxonomy":"category","embeddable":true,"href":"https:\/\/www.desdegranada.com\/site\/index.php?rest_route=%2Fwp%2Fv2%2Fcategories&post=256"},{"taxonomy":"post_tag","embeddable":true,"href":"https:\/\/www.desdegranada.com\/site\/index.php?rest_route=%2Fwp%2Fv2%2Ftags&post=256"}],"curies":[{"name":"wp","href":"https:\/\/api.w.org\/{rel}","templated":true}]}}