{"id":257,"date":"2020-07-07T13:43:14","date_gmt":"2020-07-07T13:43:14","guid":{"rendered":"https:\/\/www.desdegranada.com\/site\/?p=257"},"modified":"2020-07-07T13:43:14","modified_gmt":"2020-07-07T13:43:14","slug":"victor-julio-por-carino-tabaco","status":"publish","type":"post","link":"https:\/\/www.desdegranada.com\/site\/?p=257","title":{"rendered":"V\u00edctor Julio, por cari\u00f1o \u201cTabaco\u201d"},"content":{"rendered":"<p style=\"text-align: justify;\">A continuaci\u00f3n, la historia de ese viejo que solo se ve pasar por las calles de Granada y al que todo el mundo llama \u201cTabaco\u201d porque eso s\u00ed, echa humo que da miedo. Todo nace luego de una conversaci\u00f3n que tenemos en el atrio del Templo Parroquial.<\/p>\n<p style=\"text-align: justify;\">V\u00edctor Julio ya ha tenido que llorar 3 hijos. Pobre viejo, dir\u00eda la gente. Los \u00faltimos dos, casi que uno detr\u00e1s del otro\u2026 sin pasar el duelo de Fabi\u00e1n Augusto el conocido \u201cLuna\u201d, a los 4 meses viene la muerte de su otro hijo \u201cel enano\u201d como lo llama \u00e9l por su baja estatura.<\/p>\n<p style=\"text-align: justify;\">Esta vez ser\u00e1 la \u00fanica charla seria que tendr\u00e9 con \u00e9l, ya tendremos tiempo para seguir encontr\u00e1ndonos y gozar, porque pocas veces he podido charlar as\u00ed.\u00a0 Lo cotidiano de la vida, un insulto con cari\u00f1o, una burla de la gente que pasa por nuestro lado son cosas que hacemos cada que nos encontramos.<\/p>\n<p style=\"text-align: justify;\"><strong><em>\u00bfPor qu\u00e9 se cree que V\u00edctor Julio lleg\u00f3 a Santa Ana?<\/em><\/strong><\/p>\n<p style=\"text-align: justify;\">Seg\u00fan la revista Luz en su \u00fanica edici\u00f3n, cuenta como fueron los inicios de la construcci\u00f3n del municipio de San Luis, se habla del a\u00f1o 1875, cuando muchos pueblos del Oriente Antioque\u00f1o vieron desfilar a sus hijos al suroriente, lo que se conoce hoy como Zona Paramo que son l\u00edmites con el departamento de Caldas.<\/p>\n<p style=\"text-align: justify;\">El padre Clemente Giraldo, al ver que estaban migrando a lo que se conoce hoy como el Departamento de Caldas, en su deseo de generar sentido de pertenencia y conocer m\u00e1s el propio territorio \u201canim\u00f3 a los feligreses para que entraran a examinar las vertientes del Magdalena y que forman las hoyas de los R\u00edos Saman\u00e1 del norte y sus afluentes\u201d.<\/p>\n<p style=\"text-align: justify;\">La voz del sacerdote era muy escuchada por los campesinos \u201cun buen n\u00famero se prepar\u00f3 para esta excursi\u00f3n. Salieron de Granada y se dirigieron por el camino que conduc\u00eda a La Bodega en el R\u00edo Calderas y l\u00edmites con San Luis; este r\u00edo era trabajado por muchos mineros descendientes de negros africanos y procedentes de la poblaci\u00f3n de Guarne\u201d.<\/p>\n<p style=\"text-align: justify;\">Finalmente, sobre la posible llegada de \u201cTabaco\u201d a Santa Ana, nos cuenta que \u201clas minas del Rio Calderas dieron grandes rendimientos y por esto La Bodega, situada en territorio de Granada, se convirti\u00f3 bien pronto en lugar frecuentado por negociantes y compradores de oro de los distintos pueblos de Oriente Antioque\u00f1o atra\u00eddos por el rico metal\u201d.<\/p>\n<p style=\"text-align: justify;\"><img decoding=\"async\" src=\"images\/Victor_Julio_Tabaco.jpg\" alt=\"\" \/><\/p>\n<p style=\"text-align: justify;\"><strong><em>Lo que por agua viene\u2026<\/em><\/strong><\/p>\n<p style=\"text-align: justify;\">V\u00edctor Julio vio crecer a Mery, Jhon Fredy, Fabi\u00e1n Augusto, Diego, V\u00edctor Mario y Efra\u00edn en una casa que construy\u00f3 en las afueras del pueblo en un terreno que le regal\u00f3 un amigo, gracias a los esfuerzos de ayudantes y choferes de los carros y dem\u00e1s personas de buena caridad, cosa que agradece enormemente.<\/p>\n<p style=\"text-align: justify;\">En la casa que hicieron en las afueras del pueblo se ama\u00f1aban mucho, porque all\u00e1 pod\u00edan cocinar con le\u00f1a y era como vivir entre zona urbana y rural. Pero un d\u00eda a su amigo el que le regalo el terreno, le dio por venderlo y entonces V\u00edctor Julio comenzaba a ver la amenaza de tener que dejar ese rancho en el que vivi\u00f3 durante 47 a\u00f1os.<\/p>\n<p style=\"text-align: justify;\">Alguien compr\u00f3 el total del terreno que le regalaron \u201cPorque era una finca grande\u201d donde se pueden construir m\u00e1s casas, entonces al amigo vender el lote, inocentemente incluy\u00f3 el terreno que le regal\u00f3 a V\u00edctor Julio y como nunca recibi\u00f3 una escritura, pues humildemente le toc\u00f3 salir de all\u00e1. \u201cMe dijeron que arregl\u00e1ramos por las buenas, nos preguntaron qu\u00e9 cuanto ped\u00edamos por salir de all\u00e1 y nosotros le pusimos el precio y ah\u00ed mismo nos respondieron que no que toda esa plata no\u201d.<\/p>\n<p style=\"text-align: justify;\">Renunci\u00f3 a seguir viviendo en esa casa, no quer\u00eda m\u00e1s problemas \u201cnosotros firmamos un contrato con la nueva due\u00f1a y entonces nos dijeron que nos iban a dar una plata para arreglar un rancho que ten\u00edamos ac\u00e1 en Granada, y ah\u00ed le hicieron unas cositas y nada m\u00e1s\u201d.<\/p>\n<p style=\"text-align: justify;\">Hay un silencio en nuestra charla. Me impact\u00e9 mucho con su relato, me invade algo, no s\u00e9 c\u00f3mo explicarlo. Mi amigo no tiene tiempo para deprimirse porque los sacaron de donde ellos tanto se ama\u00f1aban.<\/p>\n<p style=\"text-align: justify;\">(\u2026)<\/p>\n<p style=\"text-align: justify;\">Aunque la vida le ha dado duro, V\u00edctor Julio no deja de ser un roble. Tiene una fuerza bruta que por lo regular la tienen todos los ayudantes de las chivas, y se le conoce as\u00ed porque imag\u00ednese usted tener que cargar bultos y lidiar con animales que son transportados de un lugar a otro.<\/p>\n<p style=\"text-align: justify;\">Tuvo un hijo que \u201ctrabaj\u00f3 como escolta con un mafioso\u201d y un d\u00eda cualquiera, les regal\u00f3 una casa en Cali, muy buena dice V\u00edctor Julio, entonces se prepararon para vivir en la ciudad. A su hijo, el escolta, lo llamaron y le dijeron que ten\u00eda que acompa\u00f1ar a su jefe a una reuni\u00f3n en Antioquia esa misma semana \u201c\u00bfcu\u00e1l reuni\u00f3n? Era que ya los iban a matar; esa misma semana que nos regal\u00f3 a la vieja y a m\u00ed la casa, lo mataron\u201d.<\/p>\n<p style=\"text-align: justify;\">De su hijo, no volvi\u00f3 a saber nada. No se sabe que hicieron con el cuerpo ni donde est\u00e1 enterrado. Es m\u00e1s, no sabe con exactitud en que pueblo o jurisdicci\u00f3n est\u00e1 enterrado \u201cPor all\u00e1\u201d dice, mostrando a lo lejos y se queda mirando la zona rural que se alcanza a ver desde las escalas del templo parroquial, creo que en ese momento se le vienen a la mente recuerdos de su hijo y quiere buscar una respuesta en esas monta\u00f1as que contempla por varios segundos.<\/p>\n<p style=\"text-align: justify;\">A los pocos d\u00edas, sin estar seguro de la muerte de su hijo, con la esperanza de que cualquier d\u00eda volviera de la reuni\u00f3n, llegaron unos abogados a decirle que ten\u00edan que desocupar la casa, y aunque \u00e9l y su se\u00f1ora tuvieron varias discusiones, no ten\u00edan con que probaran que esa casa era de ellos, tampoco ten\u00edan documentos.<\/p>\n<p style=\"text-align: justify;\">Cuando termina de contar esta historia, agrega \u201clo que por agua viene, por agua se va\u201d. Aunque fueron casas que ayudaron fugazmente al refugio de su familia, no dejan de parecerse a la que Escalona quer\u00eda hacerle a su hija Ada Luz. Hoy V\u00edctor Julio solo espera que lo saquen \u201cde Granada para el cielo y en un caballo mono \u201c<\/p>\n<p style=\"text-align: justify;\">Yeison A. Giraldo.<\/p>\n<p style=\"text-align: justify;\">Pacho Carlos.\u00a0<\/p>\n<p style=\"text-align: justify;\"><iframe loading=\"lazy\" src=\"\/\/www.youtube.com\/embed\/fEhpb86D0RI\" width=\"720\" height=\"480\" allowfullscreen=\"allowfullscreen\"><\/iframe><\/p>\n<p>\u00a0<\/p>\n","protected":false},"excerpt":{"rendered":"<p style=\"text-align: justify;\">Quiero, antes que nada, reconocer el cari\u00f1o, la admiraci\u00f3n y el respeto que le tengo. Porque V\u00edctor Julio se burla de s\u00ed mismo, y ni hablando de sus an\u00e9cdotas tristes, reniega de los que se portaron mal con \u00e9l. Mientras se r\u00ede, me muestra sus enc\u00edas porque ya ni dientes tiene. Para que \u00e9l se sienta c\u00f3modo, le busco en Youtube \u201cCamino Amoroso\u201d del Charrito Negro que tanto le gusta y grita: \u201cDeje que suene esa hijueputa\u201d y pregunta por Joaqu\u00edn, un sacerdote que es muy amigo y estuvo hace poco prestando los servicios en Granada, ten\u00eda un espacio de m\u00fasica popular todos los jueves en la emisora local y lo saludaba con esa canci\u00f3n.\u00a0<\/p>\n","protected":false},"author":1,"featured_media":0,"comment_status":"open","ping_status":"open","sticky":false,"template":"","format":"standard","meta":{"footnotes":""},"categories":[20],"tags":[],"class_list":["post-257","post","type-post","status-publish","format-standard","hentry","category-columnistas"],"_links":{"self":[{"href":"https:\/\/www.desdegranada.com\/site\/index.php?rest_route=\/wp\/v2\/posts\/257","targetHints":{"allow":["GET"]}}],"collection":[{"href":"https:\/\/www.desdegranada.com\/site\/index.php?rest_route=\/wp\/v2\/posts"}],"about":[{"href":"https:\/\/www.desdegranada.com\/site\/index.php?rest_route=\/wp\/v2\/types\/post"}],"author":[{"embeddable":true,"href":"https:\/\/www.desdegranada.com\/site\/index.php?rest_route=\/wp\/v2\/users\/1"}],"replies":[{"embeddable":true,"href":"https:\/\/www.desdegranada.com\/site\/index.php?rest_route=%2Fwp%2Fv2%2Fcomments&post=257"}],"version-history":[{"count":0,"href":"https:\/\/www.desdegranada.com\/site\/index.php?rest_route=\/wp\/v2\/posts\/257\/revisions"}],"wp:attachment":[{"href":"https:\/\/www.desdegranada.com\/site\/index.php?rest_route=%2Fwp%2Fv2%2Fmedia&parent=257"}],"wp:term":[{"taxonomy":"category","embeddable":true,"href":"https:\/\/www.desdegranada.com\/site\/index.php?rest_route=%2Fwp%2Fv2%2Fcategories&post=257"},{"taxonomy":"post_tag","embeddable":true,"href":"https:\/\/www.desdegranada.com\/site\/index.php?rest_route=%2Fwp%2Fv2%2Ftags&post=257"}],"curies":[{"name":"wp","href":"https:\/\/api.w.org\/{rel}","templated":true}]}}