{"id":258,"date":"2020-07-10T21:26:37","date_gmt":"2020-07-10T21:26:37","guid":{"rendered":"https:\/\/www.desdegranada.com\/site\/?p=258"},"modified":"2020-07-10T21:26:37","modified_gmt":"2020-07-10T21:26:37","slug":"se-viene-la-version-n-21-del-festival-granadino-de-la-cancion","status":"publish","type":"post","link":"https:\/\/www.desdegranada.com\/site\/?p=258","title":{"rendered":"Se viene la versi\u00f3n N\u00b0 21 del Festival Granadino de la Canci\u00f3n"},"content":{"rendered":"<p style=\"text-align: justify;\">El video para participar del festival de la canci\u00f3n 2020 debe ser grabado de manera horizontal y en un lugar que no haya ruido. Con \u00e9l, se deben enviar los datos del participante al n\u00famero de celular 321 646 32 07.<\/p>\n<p style=\"text-align: justify;\">En las categor\u00edas infantil, juvenil, mayores, y una categor\u00eda especial para los artistas de mayor trayectoria, los amantes de la m\u00fasica podr\u00e1n mostrar sus habilidades para interpretar su g\u00e9nero favorito.<\/p>\n<p style=\"text-align: justify;\">El plazo m\u00e1ximo para el env\u00edo de los videos es hasta el 20 de julio. En el transcurso de esa semana ser\u00e1n evaluados para posteriormente, a trav\u00e9s de los medios de comunicaci\u00f3n locales, dar a conocer los participantes que avanzan a la final.<\/p>\n<p style=\"text-align: justify;\">\u00a0<\/p>\n<p><iframe loading=\"lazy\" id=\"audio_53731807\" style=\"border: 1px solid #EEE; box-sizing: border-box; width: 100%;\" src=\"https:\/\/co.ivoox.com\/es\/player_ej_53731807_4_1.html?c1=ff6600\" width=\"300\" height=\"200\" frameborder=\"0\" scrolling=\"no\" allowfullscreen=\"allowfullscreen\"><\/iframe><\/p>\n","protected":false},"excerpt":{"rendered":"<p style=\"text-align: justify;\">La versi\u00f3n n\u00famero 21 del festival de la canci\u00f3n se vivir\u00e1 de una manera diferente a la que estamos acostumbrados cada a\u00f1o, por esta raz\u00f3n la Casa de la Cultura Ram\u00f3n Eduardo Duque est\u00e1 realizado la convocatoria v\u00eda whatsapp para todas las personas del municipio de Granada.<\/p>\n","protected":false},"author":1,"featured_media":0,"comment_status":"open","ping_status":"open","sticky":false,"template":"","format":"standard","meta":{"footnotes":""},"categories":[19],"tags":[],"class_list":["post-258","post","type-post","status-publish","format-standard","hentry","category-noticias"],"_links":{"self":[{"href":"https:\/\/www.desdegranada.com\/site\/index.php?rest_route=\/wp\/v2\/posts\/258","targetHints":{"allow":["GET"]}}],"collection":[{"href":"https:\/\/www.desdegranada.com\/site\/index.php?rest_route=\/wp\/v2\/posts"}],"about":[{"href":"https:\/\/www.desdegranada.com\/site\/index.php?rest_route=\/wp\/v2\/types\/post"}],"author":[{"embeddable":true,"href":"https:\/\/www.desdegranada.com\/site\/index.php?rest_route=\/wp\/v2\/users\/1"}],"replies":[{"embeddable":true,"href":"https:\/\/www.desdegranada.com\/site\/index.php?rest_route=%2Fwp%2Fv2%2Fcomments&post=258"}],"version-history":[{"count":0,"href":"https:\/\/www.desdegranada.com\/site\/index.php?rest_route=\/wp\/v2\/posts\/258\/revisions"}],"wp:attachment":[{"href":"https:\/\/www.desdegranada.com\/site\/index.php?rest_route=%2Fwp%2Fv2%2Fmedia&parent=258"}],"wp:term":[{"taxonomy":"category","embeddable":true,"href":"https:\/\/www.desdegranada.com\/site\/index.php?rest_route=%2Fwp%2Fv2%2Fcategories&post=258"},{"taxonomy":"post_tag","embeddable":true,"href":"https:\/\/www.desdegranada.com\/site\/index.php?rest_route=%2Fwp%2Fv2%2Ftags&post=258"}],"curies":[{"name":"wp","href":"https:\/\/api.w.org\/{rel}","templated":true}]}}