{"id":259,"date":"2020-07-11T20:38:51","date_gmt":"2020-07-11T20:38:51","guid":{"rendered":"https:\/\/www.desdegranada.com\/site\/?p=259"},"modified":"2020-07-11T20:38:51","modified_gmt":"2020-07-11T20:38:51","slug":"durante-julio-empresa-de-servicios-publicos-de-granada-recibira-residuos-electronicos","status":"publish","type":"post","link":"https:\/\/www.desdegranada.com\/site\/?p=259","title":{"rendered":"Durante julio Empresa de Servicios P\u00fablicos de Granada recibir\u00e1 residuos electr\u00f3nicos"},"content":{"rendered":"<p style=\"text-align: justify;\">\u201cEstamos invitando a toda la comunidad para que lleven a las instalaciones de la empresa aquellos elementos que ya no utilizamos como por ejemplo residuos electr\u00f3nicos, c\u00e1maras, celulares, televisores, grabadoras y otros equipos para que le demos una disposici\u00f3n adecuada a estos residuos\u201d, explic\u00f3 Dubian Fredy G\u00f3mez, gerente de la ESPG.<\/p>\n<p style=\"text-align: justify;\">La campa\u00f1a se hace en conjunto con Cornare y la administraci\u00f3n municipal, para recolectar y disponer adecuadamente diferentes art\u00edculos electr\u00f3nicos que en nuestra casa ya solo est\u00e1n ocupando espacio y no tienen utilidad.<\/p>\n<p style=\"text-align: justify;\"><img decoding=\"async\" src=\"images\/Residuos_electrnicos.jpg\" alt=\"\" \/><\/p>\n<p style=\"text-align: justify;\">\u201cCuando nosotros tenemos aparatos electr\u00f3nicos, pilas o aquellos elementos que tengan una potencialidad de ser peligrosos, hay una responsabilidad tanto del consumidor como del productor, entonces para eso se hacen unas campa\u00f1as especiales de recolecci\u00f3n de residuos s\u00f3lidos\u201d, a\u00f1adi\u00f3 el gerente de la empresa.<\/p>\n<p style=\"text-align: justify;\">La campa\u00f1a estar\u00e1 vigente hasta el 31 de julio, y una vez culmine, la ESPG entregar\u00e1 dichos elementos a una empresa nacional que se encarga de hacer la disposici\u00f3n de estos productos.<\/p>\n<p style=\"text-align: justify;\">Todas las personas tenemos la responsabilidad de realizar una correcta separaci\u00f3n de los diferentes desechos que generamos en nuestros hogares para facilitar la tarea que disposici\u00f3n final que realizan los empleados de la Empresa de Servicios P\u00fablicos de Granada.<\/p>\n","protected":false},"excerpt":{"rendered":"<p style=\"text-align: justify;\">A lo largo de este mes, la Empresa de Servicios P\u00fablicos de Granada est\u00e1 realizando la campa\u00f1a post-consumo, que consiste en llevar a la oficina los art\u00edculos de tecnolog\u00eda que ya no se utilizan y que son para desechar.<\/p>\n","protected":false},"author":1,"featured_media":0,"comment_status":"open","ping_status":"open","sticky":false,"template":"","format":"standard","meta":{"footnotes":""},"categories":[19],"tags":[],"class_list":["post-259","post","type-post","status-publish","format-standard","hentry","category-noticias"],"_links":{"self":[{"href":"https:\/\/www.desdegranada.com\/site\/index.php?rest_route=\/wp\/v2\/posts\/259","targetHints":{"allow":["GET"]}}],"collection":[{"href":"https:\/\/www.desdegranada.com\/site\/index.php?rest_route=\/wp\/v2\/posts"}],"about":[{"href":"https:\/\/www.desdegranada.com\/site\/index.php?rest_route=\/wp\/v2\/types\/post"}],"author":[{"embeddable":true,"href":"https:\/\/www.desdegranada.com\/site\/index.php?rest_route=\/wp\/v2\/users\/1"}],"replies":[{"embeddable":true,"href":"https:\/\/www.desdegranada.com\/site\/index.php?rest_route=%2Fwp%2Fv2%2Fcomments&post=259"}],"version-history":[{"count":0,"href":"https:\/\/www.desdegranada.com\/site\/index.php?rest_route=\/wp\/v2\/posts\/259\/revisions"}],"wp:attachment":[{"href":"https:\/\/www.desdegranada.com\/site\/index.php?rest_route=%2Fwp%2Fv2%2Fmedia&parent=259"}],"wp:term":[{"taxonomy":"category","embeddable":true,"href":"https:\/\/www.desdegranada.com\/site\/index.php?rest_route=%2Fwp%2Fv2%2Fcategories&post=259"},{"taxonomy":"post_tag","embeddable":true,"href":"https:\/\/www.desdegranada.com\/site\/index.php?rest_route=%2Fwp%2Fv2%2Ftags&post=259"}],"curies":[{"name":"wp","href":"https:\/\/api.w.org\/{rel}","templated":true}]}}