{"id":260,"date":"2020-07-13T19:50:00","date_gmt":"2020-07-13T19:50:00","guid":{"rendered":"https:\/\/www.desdegranada.com\/site\/?p=260"},"modified":"2020-07-13T19:50:00","modified_gmt":"2020-07-13T19:50:00","slug":"19-anos-de-la-muerte-del-gran-lider-granadino-jorge-alberto-gomez-gomez","status":"publish","type":"post","link":"https:\/\/www.desdegranada.com\/site\/?p=260","title":{"rendered":"19 a\u00f1os de la muerte del gran l\u00edder granadino Jorge Alberto G\u00f3mez G\u00f3mez."},"content":{"rendered":"<p>L\u00edder granadino que desde su trabajo c\u00edvico y pol\u00edtico logr\u00f3 darle un gran realce al desarrollo social de Granada. Hoy, 19 a\u00f1os despu\u00e9s lo seguimos recordando. <br \/>\u201cJorge Alberto fue una persona totalmente entregada a los dem\u00e1s. Quiz\u00e1 pens\u00f3 demasiado en los dem\u00e1s y se olvid\u00f3 de s\u00ed mismo, pero creo que \u00e9l siempre sinti\u00f3 alegr\u00eda y su mensaje fue de \u00e1nimo para esta comunidad\u201d, es la forma como Jaime Montoya describe a este insigne granadino.<br \/>Son muchas las obras que logr\u00f3 desarrollar en su gobierno, entre ellas la pavimentaci\u00f3n de la v\u00eda Granada \u2013 Autopista y la construcci\u00f3n de la planta de tratamiento de agua potable y la planta de tratamiento de aguas residuales, entre otras. <br \/>Jorge Alberto G\u00f3mez fue en vida un h\u00e9roe y hoy para todos los granadinos lo sigue siendo y por tal motivo sus paisanos lo recordamos como un hombre de valores. \u201cUn hombre extraordinario, untado de pueblo, que le interesaban solo las comunidades\u201d, dice Fernando Giraldo Piedrahita.<br \/>Mario G\u00f3mez, coordinador de educaci\u00f3n del municipio recuerda que para Granada, desde 1995 a 1997 fue \u201cun per\u00edodo de mucho progreso y de mucha prosperidad\u201d, mientras destacaba algunas obras, que catalogaron a Jorge Alberto G\u00f3mez como el mejor alcalde de Antioquia.<br \/>Hoy como granadinos nos corresponde perpetuar su memoria y su legado porque fue uno de los l\u00edderes que abri\u00f3 camino y esperanza para el municipio de Granada.<\/p>\n","protected":false},"excerpt":{"rendered":"<p>Hoy 13\u00a0de julio se conmemora el aniversario n\u00famero 19 de la muerte del ex alcalde Jorge Alberto G\u00f3mez.<\/p>\n","protected":false},"author":1,"featured_media":0,"comment_status":"open","ping_status":"open","sticky":false,"template":"","format":"standard","meta":{"footnotes":""},"categories":[19],"tags":[],"class_list":["post-260","post","type-post","status-publish","format-standard","hentry","category-noticias"],"_links":{"self":[{"href":"https:\/\/www.desdegranada.com\/site\/index.php?rest_route=\/wp\/v2\/posts\/260","targetHints":{"allow":["GET"]}}],"collection":[{"href":"https:\/\/www.desdegranada.com\/site\/index.php?rest_route=\/wp\/v2\/posts"}],"about":[{"href":"https:\/\/www.desdegranada.com\/site\/index.php?rest_route=\/wp\/v2\/types\/post"}],"author":[{"embeddable":true,"href":"https:\/\/www.desdegranada.com\/site\/index.php?rest_route=\/wp\/v2\/users\/1"}],"replies":[{"embeddable":true,"href":"https:\/\/www.desdegranada.com\/site\/index.php?rest_route=%2Fwp%2Fv2%2Fcomments&post=260"}],"version-history":[{"count":0,"href":"https:\/\/www.desdegranada.com\/site\/index.php?rest_route=\/wp\/v2\/posts\/260\/revisions"}],"wp:attachment":[{"href":"https:\/\/www.desdegranada.com\/site\/index.php?rest_route=%2Fwp%2Fv2%2Fmedia&parent=260"}],"wp:term":[{"taxonomy":"category","embeddable":true,"href":"https:\/\/www.desdegranada.com\/site\/index.php?rest_route=%2Fwp%2Fv2%2Fcategories&post=260"},{"taxonomy":"post_tag","embeddable":true,"href":"https:\/\/www.desdegranada.com\/site\/index.php?rest_route=%2Fwp%2Fv2%2Ftags&post=260"}],"curies":[{"name":"wp","href":"https:\/\/api.w.org\/{rel}","templated":true}]}}