{"id":261,"date":"2020-07-15T18:52:50","date_gmt":"2020-07-15T18:52:50","guid":{"rendered":"https:\/\/www.desdegranada.com\/site\/?p=261"},"modified":"2020-07-15T18:52:50","modified_gmt":"2020-07-15T18:52:50","slug":"a-traves-de-convites-los-habitantes-del-corredor-vial-san-esteban-la-cascada-le-apuestan-a-la-conservacion-de-la-via","status":"publish","type":"post","link":"https:\/\/www.desdegranada.com\/site\/?p=261","title":{"rendered":"A trav\u00e9s de convites, los habitantes del corredor vial San Esteban \u2013 La Cascada le apuestan a la conservaci\u00f3n de la v\u00eda"},"content":{"rendered":"<p style=\"text-align: justify;\">\u201cLo creamos porque queremos que todas las personas asistamos a los convites. Queremos que las personas que tienen fincas de veraneo tambi\u00e9n aporten su d\u00eda\u201d, expresa Alfredo Aristiz\u00e1bal, presidente de la junta de acci\u00f3n comunal de la vereda El Roble.<\/p>\n<p style=\"text-align: justify;\">Aproximadamente cada dos meses los pobladores de cada una de estas veredas, salen en convite en el sector que les corresponde para hacer rocer\u00eda y limpieza de cunetas con el prop\u00f3sito de garantizar la durabilidad de la v\u00eda.<\/p>\n<p style=\"text-align: justify;\"><img decoding=\"async\" src=\"images\/Convite_el_roble_2.jpg\" alt=\"\" \/><\/p>\n<p style=\"text-align: justify;\">\u201cQueremos ver la carretera bien arreglada, no la podemos dejar caer, abandonar. Nosotros sacamos un d\u00eda o dos a veces, cuando no terminamos\u201d, dice Oscar Murillo, quien se encarga de coordinar los convites con los habitantes de El Roble.<\/p>\n<p style=\"text-align: justify;\">\u201cLa idea es mantener la v\u00eda en buen estado porque no podemos dejar acabar las v\u00edas ahora que se le hizo un trabajo tan importante como es la pavimentaci\u00f3n hasta La Cascada\u201d reafirma don Alfredo.<\/p>\n<p style=\"text-align: justify;\">De las mayores necesidades y reclamos de las comunidades rurales son v\u00edas en buenas condiciones para poder desplazarse y sacar sus productos al mercado, y mediante dichos convites demuestran que est\u00e1n comprometidos con que estas obras perduren en el tiempo.<\/p>\n<p style=\"text-align: justify;\"><iframe loading=\"lazy\" src=\"\/\/www.youtube.com\/embed\/76kM4wGkYuo\" width=\"720\" height=\"480\" allowfullscreen=\"allowfullscreen\"><\/iframe><\/p>\n","protected":false},"excerpt":{"rendered":"<p style=\"text-align: justify;\">El comit\u00e9 \u2018Amigos de la v\u00eda\u2019 es una organizaci\u00f3n que conformaron los habitantes de las veredas San Esteban, El Roble, El Ed\u00e9n y La Cascada para hacer mantenimiento preventivo a la v\u00eda que les comunica y que se logr\u00f3 pavimentar hace poco con recursos de la venta de Isag\u00e9n.<\/p>\n","protected":false},"author":1,"featured_media":0,"comment_status":"open","ping_status":"open","sticky":false,"template":"","format":"standard","meta":{"footnotes":""},"categories":[19],"tags":[],"class_list":["post-261","post","type-post","status-publish","format-standard","hentry","category-noticias"],"_links":{"self":[{"href":"https:\/\/www.desdegranada.com\/site\/index.php?rest_route=\/wp\/v2\/posts\/261","targetHints":{"allow":["GET"]}}],"collection":[{"href":"https:\/\/www.desdegranada.com\/site\/index.php?rest_route=\/wp\/v2\/posts"}],"about":[{"href":"https:\/\/www.desdegranada.com\/site\/index.php?rest_route=\/wp\/v2\/types\/post"}],"author":[{"embeddable":true,"href":"https:\/\/www.desdegranada.com\/site\/index.php?rest_route=\/wp\/v2\/users\/1"}],"replies":[{"embeddable":true,"href":"https:\/\/www.desdegranada.com\/site\/index.php?rest_route=%2Fwp%2Fv2%2Fcomments&post=261"}],"version-history":[{"count":0,"href":"https:\/\/www.desdegranada.com\/site\/index.php?rest_route=\/wp\/v2\/posts\/261\/revisions"}],"wp:attachment":[{"href":"https:\/\/www.desdegranada.com\/site\/index.php?rest_route=%2Fwp%2Fv2%2Fmedia&parent=261"}],"wp:term":[{"taxonomy":"category","embeddable":true,"href":"https:\/\/www.desdegranada.com\/site\/index.php?rest_route=%2Fwp%2Fv2%2Fcategories&post=261"},{"taxonomy":"post_tag","embeddable":true,"href":"https:\/\/www.desdegranada.com\/site\/index.php?rest_route=%2Fwp%2Fv2%2Ftags&post=261"}],"curies":[{"name":"wp","href":"https:\/\/api.w.org\/{rel}","templated":true}]}}