{"id":262,"date":"2020-07-16T20:19:01","date_gmt":"2020-07-16T20:19:01","guid":{"rendered":"https:\/\/www.desdegranada.com\/site\/?p=262"},"modified":"2020-07-16T20:19:01","modified_gmt":"2020-07-16T20:19:01","slug":"flota-granada-no-prestara-servicio-de-pasajeros-a-medellin-durante-el-fin-de-semana-del-20-de-julio","status":"publish","type":"post","link":"https:\/\/www.desdegranada.com\/site\/?p=262","title":{"rendered":"Flota Granada no prestar\u00e1 servicio de pasajeros a Medell\u00edn durante el fin de semana del 20 de julio"},"content":{"rendered":"<p style=\"text-align: justify;\">El mi\u00e9rcoles 15 de julio la Gobernaci\u00f3n de Antioquia dio a conocer el decreto por medio del cual: \u201cse declara una cuarentena por la vida en los municipios del \u00e1rea metropolitana. De esta manera y en el marco de la emergencia sanitaria por la COVID-19, se proh\u00edbe desde las 00:00 de este viernes 17 de julio y hasta las 00:00 del\u00a0martes 21 de julio, la circulaci\u00f3n de personas en los 10 municipios del \u00e1rea metropolitana: Medell\u00edn, Bello, Itag\u00fc\u00ed, Envigado, Sabaneta, La Estrella, Copacabana, Caldas, Girardota y Barbosa.\u201d <br \/>El transporte de pasajeros a la ciudad de Medell\u00edn se retomar\u00e1 el d\u00eda martes 21 de julio.<br \/>Servicio al municipio de Rionegro:\u00a0<br \/>Mientras tanto el transporte al municipio de Rionegro se prestar\u00e1 los d\u00edas viernes 17 y s\u00e1bado 18 de julio en los siguientes horarios: <br \/>Destino\u00a0 \u00a0 \u00a0 Hora de salida<br \/>Granada &#8211; Rionegro 6:30a.m<br \/>Rionegro \u2013 Granada 10:00 a.m<br \/>Granada &#8211; Rionegro 11:30a.m<br \/>Rionegro &#8211; Granada 3:15 p.m<\/p>\n","protected":false},"excerpt":{"rendered":"<p style=\"text-align: justify;\">Desde el viernes 17 al lunes 20 de julio la empresa Flota Granada no prestar\u00e1 el servicio de transporte de pasajeros a la ciudad de Medell\u00edn uni\u00e9ndose a la cuarentena por la vida decretada por la Gobernaci\u00f3n de Antioquia.<\/p>\n","protected":false},"author":1,"featured_media":0,"comment_status":"open","ping_status":"open","sticky":false,"template":"","format":"standard","meta":{"footnotes":""},"categories":[19],"tags":[],"class_list":["post-262","post","type-post","status-publish","format-standard","hentry","category-noticias"],"_links":{"self":[{"href":"https:\/\/www.desdegranada.com\/site\/index.php?rest_route=\/wp\/v2\/posts\/262","targetHints":{"allow":["GET"]}}],"collection":[{"href":"https:\/\/www.desdegranada.com\/site\/index.php?rest_route=\/wp\/v2\/posts"}],"about":[{"href":"https:\/\/www.desdegranada.com\/site\/index.php?rest_route=\/wp\/v2\/types\/post"}],"author":[{"embeddable":true,"href":"https:\/\/www.desdegranada.com\/site\/index.php?rest_route=\/wp\/v2\/users\/1"}],"replies":[{"embeddable":true,"href":"https:\/\/www.desdegranada.com\/site\/index.php?rest_route=%2Fwp%2Fv2%2Fcomments&post=262"}],"version-history":[{"count":0,"href":"https:\/\/www.desdegranada.com\/site\/index.php?rest_route=\/wp\/v2\/posts\/262\/revisions"}],"wp:attachment":[{"href":"https:\/\/www.desdegranada.com\/site\/index.php?rest_route=%2Fwp%2Fv2%2Fmedia&parent=262"}],"wp:term":[{"taxonomy":"category","embeddable":true,"href":"https:\/\/www.desdegranada.com\/site\/index.php?rest_route=%2Fwp%2Fv2%2Fcategories&post=262"},{"taxonomy":"post_tag","embeddable":true,"href":"https:\/\/www.desdegranada.com\/site\/index.php?rest_route=%2Fwp%2Fv2%2Ftags&post=262"}],"curies":[{"name":"wp","href":"https:\/\/api.w.org\/{rel}","templated":true}]}}