{"id":263,"date":"2020-07-21T23:31:38","date_gmt":"2020-07-21T23:31:38","guid":{"rendered":"https:\/\/www.desdegranada.com\/site\/?p=263"},"modified":"2020-07-21T23:31:38","modified_gmt":"2020-07-21T23:31:38","slug":"senalizacion-y-formacion-estrategias-de-la-administracion-para-mejorar-flujo-vehicular-en-la-variante","status":"publish","type":"post","link":"https:\/\/www.desdegranada.com\/site\/?p=263","title":{"rendered":"Se\u00f1alizaci\u00f3n y formaci\u00f3n, estrategias de la administraci\u00f3n para mejorar flujo vehicular en la variante"},"content":{"rendered":"<p style=\"text-align: justify;\">\u201cEstamos realizando una campa\u00f1a de se\u00f1alizaci\u00f3n vial con el fin de mejorar el parqueo en el municipio, que tengamos un buen flujo vehicular y que podamos tener unas nuevas se\u00f1ales para que la comunidad pueda ir conociendo sobre el tr\u00e1nsito\u201d, expres\u00f3 Sebasti\u00e1n Romero, agente de tr\u00e1nsito en el municipio.<\/p>\n<p style=\"text-align: justify;\">Otras de las medidas que se implementar\u00e1n en el municipio es el cargue y descargue en el sector de la variante. \u201cNo podemos dar una hora y un lugar, porque sabemos que hay personas que vienen de otros municipios y que les queda muy complejo cumplir un horario espec\u00edfico, pero se le va a dar un orden\u201d.<\/p>\n<p style=\"text-align: justify;\"><img decoding=\"async\" src=\"images\/Sealizacin_variante_PORTADA.jpg\" alt=\"\" \/><\/p>\n<p style=\"text-align: justify;\">Charlas formativas y capacitaciones sobre el manual de se\u00f1alizaci\u00f3n y educaci\u00f3n vial tambi\u00e9n hacen parte de la campa\u00f1a. Todas estas actividades que se plantearon desde comienzo de a\u00f1o, han tenido que ser aplazadas a causa de la emergencia sanitaria por el covid19.\u00a0La idea es que la \u201ccomunidad conozca y respete las normas de tr\u00e1nsito y sea un buen actor vial\u201d.<\/p>\n<p style=\"text-align: justify;\">La recomendaci\u00f3n desde los agentes de tr\u00e1nsito para los conductores y peatones es acatar y respetar las normas de tr\u00e1nsito, como una medida de prevenci\u00f3n. \u201cEl tr\u00e1nsito est\u00e1 para cuidar las vidas de ustedes en el municipio y en todas las v\u00edas nacionales, nos deben ver como amigos que est\u00e1n a favor de ustedes, la idea es que respetemos la normatividad y le demos un buen uso a cada espacio destinado para cada actor vial.<\/p>\n","protected":false},"excerpt":{"rendered":"<p style=\"text-align: justify;\">Con el objetivo que la comunidad granadina se familiarice con las normas de movilidad, la administraci\u00f3n municipal y el agente de tr\u00e1nsito al servicio del municipio, vienen adelantando la se\u00f1alizaci\u00f3n de las principales calles del municipio, para as\u00ed disminuir la congesti\u00f3n vehicular, sobre todo de la variante, en las horas pico.<\/p>\n","protected":false},"author":1,"featured_media":0,"comment_status":"open","ping_status":"open","sticky":false,"template":"","format":"standard","meta":{"footnotes":""},"categories":[19],"tags":[],"class_list":["post-263","post","type-post","status-publish","format-standard","hentry","category-noticias"],"_links":{"self":[{"href":"https:\/\/www.desdegranada.com\/site\/index.php?rest_route=\/wp\/v2\/posts\/263","targetHints":{"allow":["GET"]}}],"collection":[{"href":"https:\/\/www.desdegranada.com\/site\/index.php?rest_route=\/wp\/v2\/posts"}],"about":[{"href":"https:\/\/www.desdegranada.com\/site\/index.php?rest_route=\/wp\/v2\/types\/post"}],"author":[{"embeddable":true,"href":"https:\/\/www.desdegranada.com\/site\/index.php?rest_route=\/wp\/v2\/users\/1"}],"replies":[{"embeddable":true,"href":"https:\/\/www.desdegranada.com\/site\/index.php?rest_route=%2Fwp%2Fv2%2Fcomments&post=263"}],"version-history":[{"count":0,"href":"https:\/\/www.desdegranada.com\/site\/index.php?rest_route=\/wp\/v2\/posts\/263\/revisions"}],"wp:attachment":[{"href":"https:\/\/www.desdegranada.com\/site\/index.php?rest_route=%2Fwp%2Fv2%2Fmedia&parent=263"}],"wp:term":[{"taxonomy":"category","embeddable":true,"href":"https:\/\/www.desdegranada.com\/site\/index.php?rest_route=%2Fwp%2Fv2%2Fcategories&post=263"},{"taxonomy":"post_tag","embeddable":true,"href":"https:\/\/www.desdegranada.com\/site\/index.php?rest_route=%2Fwp%2Fv2%2Ftags&post=263"}],"curies":[{"name":"wp","href":"https:\/\/api.w.org\/{rel}","templated":true}]}}