{"id":264,"date":"2020-07-23T21:53:24","date_gmt":"2020-07-23T21:53:24","guid":{"rendered":"https:\/\/www.desdegranada.com\/site\/?p=264"},"modified":"2020-07-23T21:53:24","modified_gmt":"2020-07-23T21:53:24","slug":"concejo-municipal-aprueba-plan-desarrollo-unidos-por-una-granada-mejor","status":"publish","type":"post","link":"https:\/\/www.desdegranada.com\/site\/?p=264","title":{"rendered":"Concejo Municipal aprueba Plan Desarrollo, Unidos por una Granada mejor"},"content":{"rendered":"<p style=\"text-align: justify;\">Mediante el Decreto 055 del 11 de junio de 2020, el Alcalde Municipal, Dr. Freddy Casta\u00f1o Aristiz\u00e1bal, cit\u00f3 al Concejo Municipal a sesiones extraordinarias a partir del 15 de junio, con el fin de continuar el estudio del Plan de Desarrollo Municipal 2020 \u2013 2023. Adem\u00e1s, radicaron otros 5 Proyectos de Acuerdo de gran importancia para el progreso del municipio y un \u00f3ptimo desempe\u00f1o de la Administraci\u00f3n Municipal.<\/p>\n<p style=\"text-align: justify;\">La Mesa Directiva de la Corporaci\u00f3n program\u00f3 la socializaci\u00f3n del documento \u00a0del Plan de Desarrollo Municipal, en 12 sesiones, cont\u00e1ndose las del mes de mayo, donde se invirtieron m\u00e1s de 30 horas de estudio de parte del Concejo Municipal y donde se invit\u00f3 a la Secretar\u00eda de Planeaci\u00f3n para las respectivas socializaciones, en las cuales se puntualizaron un total de 87 sugerencias hechas por los Concejales con el prop\u00f3sito de construir un documento m\u00e1s incluyente y estructurado.<\/p>\n<p style=\"text-align: justify;\">Ante la situaci\u00f3n de estado de Emergencia por la pandemia COVID 19, los medios de comunicaci\u00f3n y las redes sociales fueron los mecanismos para hacer part\u00edcipe a la comunidad de este proceso de socializaci\u00f3n del Proyecto de Acuerdo No. 05, Por el Cual se adopta el Plan de desarrollo Municipal 2020 \u2013 2023 del Municipio de Granada, que es el instrumento de planificaci\u00f3n econ\u00f3mico-social que orienta las acciones de la administraci\u00f3n municipal para los pr\u00f3ximos cuatro a\u00f1os de gobierno y debe ser adoptado con el fin de garantizar el uso eficiente de los recursos y el desempe\u00f1o adecuado de sus funciones.<\/p>\n<p style=\"text-align: justify;\"><img loading=\"lazy\" decoding=\"async\" src=\"images\/Concejo.jpg\" alt=\"\" width=\"744\" height=\"435\" \/><\/p>\n<p style=\"text-align: justify;\">Despu\u00e9s haberse estudiado y debatido el proyecto de Acuerdo con sus respectivos anexos, escuchando a los funcionarios de la administraci\u00f3n municipal; se hizo un recuento de las recomendaciones m\u00e1s importantes hechas por el Concejo Municipal, donde se indic\u00f3 cuales, seg\u00fan su pertinencia, fueron adaptadas al documento.<\/p>\n<p style=\"text-align: justify;\">Es as\u00ed como el d\u00eda 22 de junio, se adopt\u00f3 por parte del Concejo Municipal el <strong>Plan de Desarrollo Municipal 2020 \u2013 2023, Unidos por una Granada Mejor.<\/strong> Documento que qued\u00f3 compuesto de 5 L\u00edneas Estrat\u00e9gicas, 47 Programas, 145 Productos y 372 Indicadores de Producto. Presupuestalmente, estima un valor total de $102.832.187.802.<\/p>\n<p style=\"text-align: justify;\">Por otro lado, los dem\u00e1s Proyectos de Acuerdo presentados a consideraci\u00f3n del Concejo Municipal para este periodo de sesiones extraordinarias, fueron aprobados en su totalidad con algunas sugerencias.<\/p>\n<p style=\"text-align: justify;\">Los Acuerdos Municipales aprobados durante este periodo de sesiones extraordinarias fueron los siguientes:<\/p>\n<ul style=\"text-align: justify;\">\n<li>Acuerdo Municipal No. 05<strong> \u201cPOR MEDIO DEL CUAL SE CONCEDEN FACULTADES PRO-T\u00c9MPORE AL SE\u00d1OR ALCALDE MUNICIPAL PARA REALIZAR TRASLADOS, ADICIONES, REDUCCIONES E INCORPORACIONES AL PRESUPUESTO DE INGRESOS Y GASTOS CORRESPONDIENTE A LA VIGENCIA FISCAL DEL A\u00d1O 2020, DEL MUNICIPIO DE GRANADA, ANTIOQUIA\u201d,<\/strong> Acuerdo que da la maniobrabilidad al Acalde Municipal para una \u00f3ptima ejecuci\u00f3n del Presupuesto Municipal.\u00a0<\/li>\n<li>Acuerdo Municipal No. 06 y Acuerdo Municipal No. 07 <strong>\u201cPOR MEDIO DEL CUAL SE AUTORIZA AL ALCALDE DEL MUNICIPIO DE GRANADA ANTIOQUIA PARA COMPROMETER VIGENCIAS FUTURAS ORDINARIAS PARA LA VIGENCIA FISCAL 2021, 2022 Y 2023 QUE PERMITAN LA EJECUCI\u00d3N DE PROYECTOS DE INVERSI\u00d3N SOCIAL\u201d <\/strong>Son dos Acuerdos que tienen que ver con la financiaci\u00f3n de proyectos importantes para el municipio, como es el de \u201cM\u00e1s Campo m\u00e1s sostenible\u201d, entre otros, y el que permite un convenio con ISAGEN.<\/li>\n<li>Acuerdo Municipal No. 08 <strong>\u201c<\/strong><strong>POR MEDIO DEL CUAL SE AUTORIZA AL ALCALDE PARA GESTIONAR Y SUSCRIBIR UN EMPR\u00c9STITO<\/strong><strong>\u201d<\/strong>, Empr\u00e9stito que se solicita para financiar una convocatoria extraordinaria donde se va a hacer una inversi\u00f3n en v\u00edas terciarias correspondiente a 2 km de pavimentaci\u00f3n de la v\u00eda La Quiebra \u2013 Cruces.<\/li>\n<li>Acuerdo Municipal No. 09 <strong>\u201cPOR EL CUAL SE ADOPTA EL PLAN DE DESARROLLO PARA EL PERIODO 2020-2023 \u201cUNIDOS POR UNA GRANADA MEJOR\u201d, <\/strong>El Acuerdo aprobado m\u00e1s importante para este cuatre\u00f1o al ser la carta de navegaci\u00f3n para el municipio.\u00a0<\/li>\n<li>Acuerdo Municipal No. 10 \u201c<strong>POR EL CUAL SE ADOPTA E IMPLEMENTA EL PLAN TERRITORIAL DE SALUD DEL MUNICIPIO DE GRANADA ANTIOQUIA\u201d <\/strong>Acuerdo que va de la mano del Plan de Desarrollo.<\/li>\n<\/ul>\n<p><img loading=\"lazy\" decoding=\"async\" src=\"images\/Concejo_2.jpg\" width=\"744\" height=\"435\" \/><\/p>\n<p style=\"text-align: justify;\">Un hecho importante durante este periodo fue la visita del Secretario de Infraestructura Departamental, Ing. Juan Pablo L\u00f3pez, quien se reuni\u00f3 con el Alcalde Municipal, funcionarios de la administraci\u00f3n y algunos concejales; para concretar la terminaci\u00f3n de la pavimentaci\u00f3n de la v\u00eda Granada \u2013 San Carlos, y reafirmar los compromisos en los que hab\u00eda quedado en la pasada sesi\u00f3n del Concejo Municipal donde hizo su acompa\u00f1amiento de manera virtual.<\/p>\n<p style=\"text-align: justify;\">Es de resaltar tambi\u00e9n la actividad programada por el Colectivo Granada por los animales, llamada \u201cDONAT\u00d3N POR LOS ANIMALES\u201d, con el fin de recoger fondos para\u00a0 velar por el bienestar de los animalitos sin hogar y la defensa de sus derechos. Esta actividad tuvo gran acogida por la comunidad en general y los Concejales del municipio no fueron ajenos a esta causa, sum\u00e1ndose con el aporte de $500.000 y aprovechando el evento, se hizo entrega de la Resoluci\u00f3n de Reconocimiento de parte del Honorable Concejo Municipal, por su compromiso y trabajo desinteresado en pro de estos seres sintientes durante esta emergencia Sanitaria COVID 19.<\/p>\n<p style=\"text-align: justify;\"><strong>Mesa Directiva<\/strong>.<\/p>\n<p style=\"text-align: justify;\">Edwin Fernando Giraldo Aristiz\u00e1bal, Presidente<\/p>\n<p style=\"text-align: justify;\">Wilson Enrique Giraldo Naranjo, Vicepresidente I<\/p>\n<p style=\"text-align: justify;\">Leiner Estiven Barrera Nore\u00f1a, Vicepresidencia II<\/p>\n","protected":false},"excerpt":{"rendered":"<p style=\"text-align: justify;\">Por: Concejo Municipal.<strong>\u00a0<\/strong><\/p>\n<p style=\"text-align: justify;\">Desde el concejo municipal nos comparten el informe sobre el desarrollo de las sesiones extraordinarias realizadas durante el mes de junio.<\/p>\n","protected":false},"author":1,"featured_media":0,"comment_status":"open","ping_status":"open","sticky":false,"template":"","format":"standard","meta":{"footnotes":""},"categories":[20],"tags":[],"class_list":["post-264","post","type-post","status-publish","format-standard","hentry","category-columnistas"],"_links":{"self":[{"href":"https:\/\/www.desdegranada.com\/site\/index.php?rest_route=\/wp\/v2\/posts\/264","targetHints":{"allow":["GET"]}}],"collection":[{"href":"https:\/\/www.desdegranada.com\/site\/index.php?rest_route=\/wp\/v2\/posts"}],"about":[{"href":"https:\/\/www.desdegranada.com\/site\/index.php?rest_route=\/wp\/v2\/types\/post"}],"author":[{"embeddable":true,"href":"https:\/\/www.desdegranada.com\/site\/index.php?rest_route=\/wp\/v2\/users\/1"}],"replies":[{"embeddable":true,"href":"https:\/\/www.desdegranada.com\/site\/index.php?rest_route=%2Fwp%2Fv2%2Fcomments&post=264"}],"version-history":[{"count":0,"href":"https:\/\/www.desdegranada.com\/site\/index.php?rest_route=\/wp\/v2\/posts\/264\/revisions"}],"wp:attachment":[{"href":"https:\/\/www.desdegranada.com\/site\/index.php?rest_route=%2Fwp%2Fv2%2Fmedia&parent=264"}],"wp:term":[{"taxonomy":"category","embeddable":true,"href":"https:\/\/www.desdegranada.com\/site\/index.php?rest_route=%2Fwp%2Fv2%2Fcategories&post=264"},{"taxonomy":"post_tag","embeddable":true,"href":"https:\/\/www.desdegranada.com\/site\/index.php?rest_route=%2Fwp%2Fv2%2Ftags&post=264"}],"curies":[{"name":"wp","href":"https:\/\/api.w.org\/{rel}","templated":true}]}}