{"id":265,"date":"2020-07-25T14:54:31","date_gmt":"2020-07-25T14:54:31","guid":{"rendered":"https:\/\/www.desdegranada.com\/site\/?p=265"},"modified":"2020-07-25T14:54:31","modified_gmt":"2020-07-25T14:54:31","slug":"se-han-incrementado-casos-de-violencia-intrafamiliar-durante-emergencia-por-covid-19","status":"publish","type":"post","link":"https:\/\/www.desdegranada.com\/site\/?p=265","title":{"rendered":"Se han incrementado casos de violencia intrafamiliar durante emergencia por covid 19"},"content":{"rendered":"<p style=\"text-align: justify;\">\u201cLo que ha generado el aislamiento obligatorio es que al interior de los hogares se produzcan a veces fricciones, puja de poderes y diferencias que disparan la violencia dado el encierro, aunado a otras condiciones como las dificultades econ\u00f3micas y afectivas\u201d, explic\u00f3 el personero municipal Omar Dar\u00edo Garc\u00eda.<\/p>\n<p style=\"text-align: justify;\">En lo corrido de 2020 son ya once (11) los casos reportados. Cinco (5) de esas denuncias se han recibido en la estaci\u00f3n de polic\u00eda y otras cinco (5) en la comisar\u00eda de familia, procesos a los que se les viene haciendo el seguimiento respectivo.<\/p>\n<p style=\"text-align: justify;\">La institucionalidad granadina est\u00e1 trabajando de manera articulada para que las personas que padecen la violencia intrafamiliar acudan sin temor a denunciar estos hechos ante los estamentos correspondientes y as\u00ed, poder brindar acompa\u00f1amiento en cada uno de los casos.<\/p>\n<p style=\"text-align: justify;\">El comisario de familia Jonathan Echavarr\u00eda invit\u00f3 a la comunidad a buscar ayuda cuando sufran cualquier tipo de violencia \u201cel mensaje a la comunidad es que se acerquen a denunciar, que no tengan miedo que desde la comisar\u00eda cuentan con todo el apoyo institucional para lograr una atenci\u00f3n efectiva\u201d.<\/p>\n<p style=\"text-align: justify;\">Pese a que desde la personer\u00eda, la comisar\u00eda de familia y la estaci\u00f3n de polic\u00eda se adelantan campa\u00f1as para sensibilizar a la comunidad acerca de la violencia intrafamiliar, se cree que el a\u00f1o 2020 podr\u00eda culminar con el doble de denuncias.<\/p>\n","protected":false},"excerpt":{"rendered":"<p style=\"text-align: justify;\">La actual emergencia sanitaria generada por el covid 19 que ha obligado a toda la poblaci\u00f3n a permanecer aislada en los hogares, ha tra\u00eddo consigo otras problem\u00e1ticas tales como el incremento en los casos de violencia intrafamiliar en el municipio.<\/p>\n","protected":false},"author":1,"featured_media":0,"comment_status":"open","ping_status":"open","sticky":false,"template":"","format":"standard","meta":{"footnotes":""},"categories":[19],"tags":[],"class_list":["post-265","post","type-post","status-publish","format-standard","hentry","category-noticias"],"_links":{"self":[{"href":"https:\/\/www.desdegranada.com\/site\/index.php?rest_route=\/wp\/v2\/posts\/265","targetHints":{"allow":["GET"]}}],"collection":[{"href":"https:\/\/www.desdegranada.com\/site\/index.php?rest_route=\/wp\/v2\/posts"}],"about":[{"href":"https:\/\/www.desdegranada.com\/site\/index.php?rest_route=\/wp\/v2\/types\/post"}],"author":[{"embeddable":true,"href":"https:\/\/www.desdegranada.com\/site\/index.php?rest_route=\/wp\/v2\/users\/1"}],"replies":[{"embeddable":true,"href":"https:\/\/www.desdegranada.com\/site\/index.php?rest_route=%2Fwp%2Fv2%2Fcomments&post=265"}],"version-history":[{"count":0,"href":"https:\/\/www.desdegranada.com\/site\/index.php?rest_route=\/wp\/v2\/posts\/265\/revisions"}],"wp:attachment":[{"href":"https:\/\/www.desdegranada.com\/site\/index.php?rest_route=%2Fwp%2Fv2%2Fmedia&parent=265"}],"wp:term":[{"taxonomy":"category","embeddable":true,"href":"https:\/\/www.desdegranada.com\/site\/index.php?rest_route=%2Fwp%2Fv2%2Fcategories&post=265"},{"taxonomy":"post_tag","embeddable":true,"href":"https:\/\/www.desdegranada.com\/site\/index.php?rest_route=%2Fwp%2Fv2%2Ftags&post=265"}],"curies":[{"name":"wp","href":"https:\/\/api.w.org\/{rel}","templated":true}]}}