{"id":267,"date":"2020-07-26T18:36:20","date_gmt":"2020-07-26T18:36:20","guid":{"rendered":"https:\/\/www.desdegranada.com\/site\/?p=267"},"modified":"2020-07-26T18:36:20","modified_gmt":"2020-07-26T18:36:20","slug":"se-confirma-caso-positivo-de-covid-19-en-el-municipio","status":"publish","type":"post","link":"https:\/\/www.desdegranada.com\/site\/?p=267","title":{"rendered":"Se confirma caso positivo de covid 19 en el municipio"},"content":{"rendered":"<p style=\"text-align: justify;\">Se trata de un hombre de entre 18 y 28 a\u00f1os, residente en el municipio de Granada, a quien luego de realiz\u00e1rsele las respectivas pruebas se comprob\u00f3 que es portador del virus.<\/p>\n<p style=\"text-align: justify;\">Al parecer el paciente se contagi\u00f3 tras salir del municipio y \u00abactualmente se encuentra aislado en su casa, en buenas condiciones de salud. Se realiz\u00f3 el cerco epidemiol\u00f3gico de los familiares m\u00e1s cercanos\u00bb, expres\u00f3 el mandatario local.<\/p>\n<p style=\"text-align: justify;\">\u201cEl llamado es a toda la comunidad para que acatemos los protocolos de bioseguridad, usar el tapabocas, el lavado de manos y acatar todas normas dictadas por las autoridades locales\u201c, finaliz\u00f3 Casta\u00f1o Aristiz\u00e1bal.\u00a0<\/p>\n<p><iframe loading=\"lazy\" style=\"border: none; overflow: hidden;\" src=\"https:\/\/www.facebook.com\/plugins\/video.php?href=https%3A%2F%2Fwww.facebook.com%2Fgranada.stereo%2Fvideos%2F284853946153506%2F&amp;show_text=0&amp;width=560\" width=\"560\" height=\"315\" frameborder=\"0\" scrolling=\"no\" allowfullscreen=\"allowfullscreen\"><\/iframe><\/p>\n","protected":false},"excerpt":{"rendered":"<p style=\"text-align: justify;\">Las autoridades de salud y el alcalde Freddy Casta\u00f1o Aristiz\u00e1bal confirmaron un caso positivo de covid 19 en Granada.<\/p>\n","protected":false},"author":1,"featured_media":0,"comment_status":"open","ping_status":"open","sticky":false,"template":"","format":"standard","meta":{"footnotes":""},"categories":[19],"tags":[],"class_list":["post-267","post","type-post","status-publish","format-standard","hentry","category-noticias"],"_links":{"self":[{"href":"https:\/\/www.desdegranada.com\/site\/index.php?rest_route=\/wp\/v2\/posts\/267","targetHints":{"allow":["GET"]}}],"collection":[{"href":"https:\/\/www.desdegranada.com\/site\/index.php?rest_route=\/wp\/v2\/posts"}],"about":[{"href":"https:\/\/www.desdegranada.com\/site\/index.php?rest_route=\/wp\/v2\/types\/post"}],"author":[{"embeddable":true,"href":"https:\/\/www.desdegranada.com\/site\/index.php?rest_route=\/wp\/v2\/users\/1"}],"replies":[{"embeddable":true,"href":"https:\/\/www.desdegranada.com\/site\/index.php?rest_route=%2Fwp%2Fv2%2Fcomments&post=267"}],"version-history":[{"count":0,"href":"https:\/\/www.desdegranada.com\/site\/index.php?rest_route=\/wp\/v2\/posts\/267\/revisions"}],"wp:attachment":[{"href":"https:\/\/www.desdegranada.com\/site\/index.php?rest_route=%2Fwp%2Fv2%2Fmedia&parent=267"}],"wp:term":[{"taxonomy":"category","embeddable":true,"href":"https:\/\/www.desdegranada.com\/site\/index.php?rest_route=%2Fwp%2Fv2%2Fcategories&post=267"},{"taxonomy":"post_tag","embeddable":true,"href":"https:\/\/www.desdegranada.com\/site\/index.php?rest_route=%2Fwp%2Fv2%2Ftags&post=267"}],"curies":[{"name":"wp","href":"https:\/\/api.w.org\/{rel}","templated":true}]}}