{"id":268,"date":"2020-07-30T14:56:56","date_gmt":"2020-07-30T14:56:56","guid":{"rendered":"https:\/\/www.desdegranada.com\/site\/?p=268"},"modified":"2020-07-30T14:56:56","modified_gmt":"2020-07-30T14:56:56","slug":"el-objetivo-es-permitir-que-el-proyecto-continue-joaquin-zapata-sobre-trabajos-en-via-la-quiebra-santa-ana","status":"publish","type":"post","link":"https:\/\/www.desdegranada.com\/site\/?p=268","title":{"rendered":"\u201cEl objetivo es permitir que el proyecto contin\u00fae\u201d Joaqu\u00edn Zapata sobre trabajos en v\u00eda La Quiebra &#8211; Santa Ana"},"content":{"rendered":"<p style=\"text-align: justify;\">Explic\u00f3 Joaqu\u00edn Zapata, Secretario de Infraestructura de la administraci\u00f3n municipal \u201cen este momento la tenemos suspendida porque el operador est\u00e1 escaso de recursos para la adquisici\u00f3n del material para la fase que contin\u00faa. Esa fase comprende la colocaci\u00f3n de la base granular y la carpeta asf\u00e1ltica\u201d.<\/p>\n<p style=\"text-align: justify;\">Con miras a reanudar las obras lo antes posible, desde la administraci\u00f3n municipal se est\u00e1 evaluando la posibilidad de realizar un desembolso al contratista para que reinicie los trabajos.<\/p>\n<p style=\"text-align: justify;\"><img decoding=\"async\" src=\"images\/La_Quiebra_Santa_Ana_2_bn.jpg\" alt=\"\" \/><\/p>\n<p style=\"text-align: justify;\">Una vez concluida la ejecuci\u00f3n de este proyecto, se pretende realizar una nueva intervenci\u00f3n sobre 2 kil\u00f3metros adicionales en esta v\u00eda.<\/p>\n<p style=\"text-align: justify;\">\u201cEs para una inversi\u00f3n de mil ochocientos millones de pesos en donde al municipio le corresponde hacer un aporte del 50% y el departamento 50%. Quiere decir que el municipio aporta 900 millones. Ya tenemos la autorizaci\u00f3n del concejo para el empr\u00e9stito, y\u00e9ndonos bien, estamos comenzando por ah\u00ed en enero o febrero del a\u00f1o entrante\u201d, dijo el secretario.<\/p>\n<p style=\"text-align: justify;\">Despu\u00e9s de que tanto administraciones municipales como habitantes de santa Ana, lo hayan so\u00f1ado durante tantos a\u00f1os, luego de cumplir con la ejecuci\u00f3n de dichos proyectos, quedar\u00edan restando tan solo 6 kil\u00f3metros para que desde la v\u00eda Granada \u2013 San Carlos hasta Santa Ana quede totalmente pavimentada.<\/p>\n","protected":false},"excerpt":{"rendered":"<p style=\"text-align: justify;\">Pese a que en este momento las obras de mejoramiento de 1.7 kil\u00f3metros de v\u00eda hacia Santa Ana por el sector La Quiebra se encuentran suspendidas, se sigue manteniendo la proyecci\u00f3n de mejorar la conectividad entre el municipio y el corregimiento.<\/p>\n","protected":false},"author":1,"featured_media":0,"comment_status":"open","ping_status":"open","sticky":false,"template":"","format":"standard","meta":{"footnotes":""},"categories":[19],"tags":[],"class_list":["post-268","post","type-post","status-publish","format-standard","hentry","category-noticias"],"_links":{"self":[{"href":"https:\/\/www.desdegranada.com\/site\/index.php?rest_route=\/wp\/v2\/posts\/268","targetHints":{"allow":["GET"]}}],"collection":[{"href":"https:\/\/www.desdegranada.com\/site\/index.php?rest_route=\/wp\/v2\/posts"}],"about":[{"href":"https:\/\/www.desdegranada.com\/site\/index.php?rest_route=\/wp\/v2\/types\/post"}],"author":[{"embeddable":true,"href":"https:\/\/www.desdegranada.com\/site\/index.php?rest_route=\/wp\/v2\/users\/1"}],"replies":[{"embeddable":true,"href":"https:\/\/www.desdegranada.com\/site\/index.php?rest_route=%2Fwp%2Fv2%2Fcomments&post=268"}],"version-history":[{"count":0,"href":"https:\/\/www.desdegranada.com\/site\/index.php?rest_route=\/wp\/v2\/posts\/268\/revisions"}],"wp:attachment":[{"href":"https:\/\/www.desdegranada.com\/site\/index.php?rest_route=%2Fwp%2Fv2%2Fmedia&parent=268"}],"wp:term":[{"taxonomy":"category","embeddable":true,"href":"https:\/\/www.desdegranada.com\/site\/index.php?rest_route=%2Fwp%2Fv2%2Fcategories&post=268"},{"taxonomy":"post_tag","embeddable":true,"href":"https:\/\/www.desdegranada.com\/site\/index.php?rest_route=%2Fwp%2Fv2%2Ftags&post=268"}],"curies":[{"name":"wp","href":"https:\/\/api.w.org\/{rel}","templated":true}]}}