{"id":269,"date":"2020-07-30T20:16:03","date_gmt":"2020-07-30T20:16:03","guid":{"rendered":"https:\/\/www.desdegranada.com\/site\/?p=269"},"modified":"2020-07-30T20:16:03","modified_gmt":"2020-07-30T20:16:03","slug":"alcalde-municipal-se-encuentra-en-buen-estado-de-salud-ademas-confirma-que-prueba-de-covid-19-salio-negativa","status":"publish","type":"post","link":"https:\/\/www.desdegranada.com\/site\/?p=269","title":{"rendered":"Alcalde municipal se encuentra en buen estado de salud. Adem\u00e1s, confirma que prueba de Covid-19 sali\u00f3 negativa\u00a0"},"content":{"rendered":"<p style=\"text-align: justify;\">\u201cEl pasado martes fui a la ESE Hospital Padre Clemente Giraldo para que me hicieran una atenci\u00f3n preliminar por un tema cardiovascular, en el cual me realizan prueba de sangre, adem\u00e1s la respectiva frente el coronavirus\u00bb.<\/p>\n<p style=\"text-align: justify;\">El alcalde hace un llamado a la ciudadan\u00eda para seguir atentos a los diferentes lineamientos trazados desde la presidencia de la rep\u00fablica y alcald\u00eda municipal frente la contingencia que afrontamos a causa del covid-19.<\/p>\n<p style=\"text-align: justify;\">\u201cDe inmediato estuve en aislamiento y conducido a la cl\u00ednica SOMER hasta que me realizan la prueba PCR, puesto que nosotros como alcaldes estamos expuestos a una mayor posibilidad de contagio. El resultado muestra que soy negativo para covid-19 y puedo seguir con normalidad mis actividades diarias\u201d.<\/p>\n","protected":false},"excerpt":{"rendered":"<p style=\"text-align: justify;\">El alcalde Municipal Freddy Casta\u00f1o cont\u00f3 en sus redes sociales que fue sometido a la prueba de Covid- 19, la cual sali\u00f3 negativa, por cual puede seguir desarrollando con normalidad las diferentes actividades como primera autoridad municipal.<\/p>\n","protected":false},"author":1,"featured_media":0,"comment_status":"open","ping_status":"open","sticky":false,"template":"","format":"standard","meta":{"footnotes":""},"categories":[19],"tags":[],"class_list":["post-269","post","type-post","status-publish","format-standard","hentry","category-noticias"],"_links":{"self":[{"href":"https:\/\/www.desdegranada.com\/site\/index.php?rest_route=\/wp\/v2\/posts\/269","targetHints":{"allow":["GET"]}}],"collection":[{"href":"https:\/\/www.desdegranada.com\/site\/index.php?rest_route=\/wp\/v2\/posts"}],"about":[{"href":"https:\/\/www.desdegranada.com\/site\/index.php?rest_route=\/wp\/v2\/types\/post"}],"author":[{"embeddable":true,"href":"https:\/\/www.desdegranada.com\/site\/index.php?rest_route=\/wp\/v2\/users\/1"}],"replies":[{"embeddable":true,"href":"https:\/\/www.desdegranada.com\/site\/index.php?rest_route=%2Fwp%2Fv2%2Fcomments&post=269"}],"version-history":[{"count":0,"href":"https:\/\/www.desdegranada.com\/site\/index.php?rest_route=\/wp\/v2\/posts\/269\/revisions"}],"wp:attachment":[{"href":"https:\/\/www.desdegranada.com\/site\/index.php?rest_route=%2Fwp%2Fv2%2Fmedia&parent=269"}],"wp:term":[{"taxonomy":"category","embeddable":true,"href":"https:\/\/www.desdegranada.com\/site\/index.php?rest_route=%2Fwp%2Fv2%2Fcategories&post=269"},{"taxonomy":"post_tag","embeddable":true,"href":"https:\/\/www.desdegranada.com\/site\/index.php?rest_route=%2Fwp%2Fv2%2Ftags&post=269"}],"curies":[{"name":"wp","href":"https:\/\/api.w.org\/{rel}","templated":true}]}}