{"id":270,"date":"2020-07-31T17:26:40","date_gmt":"2020-07-31T17:26:40","guid":{"rendered":"https:\/\/www.desdegranada.com\/site\/?p=270"},"modified":"2020-07-31T17:26:40","modified_gmt":"2020-07-31T17:26:40","slug":"gracias-a-la-solidaridad-la-verde-transita-nuevamente-las-vias-granadinas","status":"publish","type":"post","link":"https:\/\/www.desdegranada.com\/site\/?p=270","title":{"rendered":"Gracias a la solidaridad, La Verde transita nuevamente las v\u00edas granadinas"},"content":{"rendered":"<p style=\"text-align: justify;\">Muchos paisanos y amigos que tienen alg\u00fan afecto especial por la chiva verde y sus propietarios respondieron al llamado para recolectar cerca de diez millones de pesos para su reparaci\u00f3n, y cada aporte, por peque\u00f1o que pareciera hizo posible lograr el prop\u00f3sito.<\/p>\n<p style=\"text-align: justify;\">\u201cHacerle el agradecimiento a toda la poblaci\u00f3n, a toda la comunidad que hizo el esfuerzo de darnos su aporte para la reparaci\u00f3n del motor. Que bendici\u00f3n contar con ustedes\u201d, expres\u00f3 Edwin, m\u00e1s conocido como \u2018Peluca\u2019, y agreg\u00f3 \u201csi antes estaba entregado a la comunidad, ahora con mayor raz\u00f3n\u201d.<\/p>\n<p style=\"text-align: justify;\"><img decoding=\"async\" src=\"images\/La_verde_motor.jpg\" alt=\"\" \/><\/p>\n<p style=\"text-align: justify;\">La labor de la chiva verde que nunca dej\u00f3 de transportar principalmente a los campesinos del corregimiento de Santa Ana y sus veredas, a\u00fan en los tiempos m\u00e1s dif\u00edciles, fue retribuida con la positiva respuesta de la gente luego de sufrir este da\u00f1o.<\/p>\n<p style=\"text-align: justify;\">\u201cEl procedimiento fue de cerca de 15 d\u00edas, la chiva la transportamos en gr\u00faa hasta Marinilla donde se hizo toda la mec\u00e1nica del motor\u201d, explic\u00f3 el conductor de \u2018la verde\u2019.<\/p>\n<p style=\"text-align: justify;\">Hoy podemos decir que la solidaridad fue el combustible que permiti\u00f3 que \u2018La verde\u2019 transitara nuevamente las v\u00edas granadinas.\u00a0<\/p>\n<p><iframe loading=\"lazy\" style=\"border: none; overflow: hidden;\" src=\"https:\/\/www.facebook.com\/plugins\/video.php?href=https%3A%2F%2Fwww.facebook.com%2Fgranada.stereo%2Fvideos%2F343286463501195%2F&amp;show_text=0&amp;width=560\" width=\"560\" height=\"315\" frameborder=\"0\" scrolling=\"no\" allowfullscreen=\"allowfullscreen\"><\/iframe><\/p>\n","protected":false},"excerpt":{"rendered":"<p style=\"text-align: justify;\">El 17 de julio despu\u00e9s de un poco m\u00e1s de 15 d\u00edas sin prestar su servicio debido a un da\u00f1o en el motor, la chiva verde de Peluca volvi\u00f3 a recorrer las v\u00edas del municipio, transportando a los campesinos y sus productos.<\/p>\n","protected":false},"author":1,"featured_media":0,"comment_status":"open","ping_status":"open","sticky":false,"template":"","format":"standard","meta":{"footnotes":""},"categories":[19],"tags":[],"class_list":["post-270","post","type-post","status-publish","format-standard","hentry","category-noticias"],"_links":{"self":[{"href":"https:\/\/www.desdegranada.com\/site\/index.php?rest_route=\/wp\/v2\/posts\/270","targetHints":{"allow":["GET"]}}],"collection":[{"href":"https:\/\/www.desdegranada.com\/site\/index.php?rest_route=\/wp\/v2\/posts"}],"about":[{"href":"https:\/\/www.desdegranada.com\/site\/index.php?rest_route=\/wp\/v2\/types\/post"}],"author":[{"embeddable":true,"href":"https:\/\/www.desdegranada.com\/site\/index.php?rest_route=\/wp\/v2\/users\/1"}],"replies":[{"embeddable":true,"href":"https:\/\/www.desdegranada.com\/site\/index.php?rest_route=%2Fwp%2Fv2%2Fcomments&post=270"}],"version-history":[{"count":0,"href":"https:\/\/www.desdegranada.com\/site\/index.php?rest_route=\/wp\/v2\/posts\/270\/revisions"}],"wp:attachment":[{"href":"https:\/\/www.desdegranada.com\/site\/index.php?rest_route=%2Fwp%2Fv2%2Fmedia&parent=270"}],"wp:term":[{"taxonomy":"category","embeddable":true,"href":"https:\/\/www.desdegranada.com\/site\/index.php?rest_route=%2Fwp%2Fv2%2Fcategories&post=270"},{"taxonomy":"post_tag","embeddable":true,"href":"https:\/\/www.desdegranada.com\/site\/index.php?rest_route=%2Fwp%2Fv2%2Ftags&post=270"}],"curies":[{"name":"wp","href":"https:\/\/api.w.org\/{rel}","templated":true}]}}