{"id":271,"date":"2020-07-31T20:53:10","date_gmt":"2020-07-31T20:53:10","guid":{"rendered":"https:\/\/www.desdegranada.com\/site\/?p=271"},"modified":"2020-07-31T20:53:10","modified_gmt":"2020-07-31T20:53:10","slug":"segundo-caso-de-covid-19-en-granada-en-menos-de-una-semana","status":"publish","type":"post","link":"https:\/\/www.desdegranada.com\/site\/?p=271","title":{"rendered":"Segundo caso de covid \u2013 19 en Granada en menos de una semana"},"content":{"rendered":"<p style=\"text-align: justify;\">El paciente de g\u00e9nero masculino \u201ctiene v\u00ednculo estrecho con el caso anterior. Se siguen haciendo pruebas aleatorias, se siguen haciendo actividades preventivas pero siempre necesitamos es el apoyo de cada uno de ustedes para beneficio de todos\u201d, afirm\u00f3 el mandatario local Freddy Casta\u00f1o. El anuncio oficial se da menos de una semana despu\u00e9s de que se confirmar\u00e1 el anterior positivo.<\/p>\n<p style=\"text-align: justify;\">Tras este nuevo anuncio, el alcalde ha reiterado a la comunidad la necesidad de seguir los protocolos de bioseguridad tales como el uso del tapabocas, el gel antibacterial, el distanciamiento social y el lavado frecuente de manos.<\/p>\n<p style=\"text-align: justify;\">\u201cSabemos muy bien que muchos familiares, muchas personas tienen ganas de visitarnos. No es el momento ahora que vamos llegando al pico de la pandemia y por eso no podemos bajar la guardia, mantener esfuerzos mancomunados\u201d, dijo Casta\u00f1o Aristiz\u00e1bal<\/p>\n<p style=\"text-align: justify;\">As\u00ed pues, tras 22 pruebas realizadas en Granada, se mantienen 2 casos activos, 1 cerrado, 17 resultados negativos, 2 pendientes, 13 en seguimiento y 114 casos que terminaron su proceso.<\/p>\n<p><iframe loading=\"lazy\" style=\"border: none; overflow: hidden;\" src=\"https:\/\/www.facebook.com\/plugins\/video.php?href=https%3A%2F%2Fwww.facebook.com%2Fgranada.stereo%2Fvideos%2F770314247128769%2F&amp;show_text=0&amp;width=560\" width=\"560\" height=\"315\" frameborder=\"0\" scrolling=\"no\" allowfullscreen=\"allowfullscreen\"><\/iframe><\/p>\n","protected":false},"excerpt":{"rendered":"<p style=\"text-align: justify;\">De entre 45 y 60 a\u00f1os es el nuevo caso positivo por covid \u2013 19 que confirmaron las autoridades municipales y de salud en la tarde de este viernes 31 de julio.<\/p>\n","protected":false},"author":1,"featured_media":0,"comment_status":"open","ping_status":"open","sticky":false,"template":"","format":"standard","meta":{"footnotes":""},"categories":[19],"tags":[],"class_list":["post-271","post","type-post","status-publish","format-standard","hentry","category-noticias"],"_links":{"self":[{"href":"https:\/\/www.desdegranada.com\/site\/index.php?rest_route=\/wp\/v2\/posts\/271","targetHints":{"allow":["GET"]}}],"collection":[{"href":"https:\/\/www.desdegranada.com\/site\/index.php?rest_route=\/wp\/v2\/posts"}],"about":[{"href":"https:\/\/www.desdegranada.com\/site\/index.php?rest_route=\/wp\/v2\/types\/post"}],"author":[{"embeddable":true,"href":"https:\/\/www.desdegranada.com\/site\/index.php?rest_route=\/wp\/v2\/users\/1"}],"replies":[{"embeddable":true,"href":"https:\/\/www.desdegranada.com\/site\/index.php?rest_route=%2Fwp%2Fv2%2Fcomments&post=271"}],"version-history":[{"count":0,"href":"https:\/\/www.desdegranada.com\/site\/index.php?rest_route=\/wp\/v2\/posts\/271\/revisions"}],"wp:attachment":[{"href":"https:\/\/www.desdegranada.com\/site\/index.php?rest_route=%2Fwp%2Fv2%2Fmedia&parent=271"}],"wp:term":[{"taxonomy":"category","embeddable":true,"href":"https:\/\/www.desdegranada.com\/site\/index.php?rest_route=%2Fwp%2Fv2%2Fcategories&post=271"},{"taxonomy":"post_tag","embeddable":true,"href":"https:\/\/www.desdegranada.com\/site\/index.php?rest_route=%2Fwp%2Fv2%2Ftags&post=271"}],"curies":[{"name":"wp","href":"https:\/\/api.w.org\/{rel}","templated":true}]}}