{"id":272,"date":"2020-08-01T23:47:50","date_gmt":"2020-08-01T23:47:50","guid":{"rendered":"https:\/\/www.desdegranada.com\/site\/?p=272"},"modified":"2020-08-01T23:47:50","modified_gmt":"2020-08-01T23:47:50","slug":"en-cenizas-quedo-el-trapiche-panelero-que-le-daba-el-sustento-a-12-familias-de-la-vereda-el-libertador","status":"publish","type":"post","link":"https:\/\/www.desdegranada.com\/site\/?p=272","title":{"rendered":"En cenizas quedo el trapiche panelero que le daba el sustento a 12 familias de la vereda El Libertador"},"content":{"rendered":"<p style=\"text-align: justify;\">\u201cEl mi\u00e9rcoles en la noche cuando un vecino nos aviso ya no hab\u00eda nada que hacer, ya todo estaba envuelto en llamas, el motor, la ca\u00f1a que ten\u00edamos lista para moler, todo qued\u00f3 en cenizas, descartamos que haya sido un corto circuito\u00bb, expres\u00f3 Mar\u00eda Rosalba L\u00f3pez Casta\u00f1o, una de las afectadas.<\/p>\n<p style=\"text-align: justify;\">Este es el segundo entable panelero que resulta quemado en veredas granadinas en extra\u00f1as circunstancias, generando mayores dificultades a la econom\u00eda de numerosas familias campesinas.<\/p>\n<p style=\"text-align: justify;\">La comunidad de la vereda El Libertador hacen un llamado a la solidaridad que caracteriza a los granadinos y as\u00ed resurgir de las cenizas \u201dmanos bondadosas que nos colaboren con una ayudita para volverlo a hacer, eso es lo que tenemos para sacar el sustento para los hijos, de eso es que nosotros vimos, de la ca\u00f1a\u201c, es el llamado de Mar\u00eda Rosalba a sus paisanos.<\/p>\n<p style=\"text-align: justify;\">Si usted desea hacer su aporte para que esta comunidad logre reconstruir su medio de sustento, puede hacerlo en la cuenta de ahorros Coogranada a nombre de\u00a0Mar\u00eda Rosalba\u00a0L\u00f3pez Casta\u00f1o, identificada con c\u00e9dula de ciudadan\u00eda 21.779.427.\u00a0<\/p>\n<p><iframe loading=\"lazy\" style=\"border: none; overflow: hidden;\" src=\"https:\/\/www.facebook.com\/plugins\/post.php?href=https%3A%2F%2Fwww.facebook.com%2Fsergioarmando.giraldotamayo%2Fposts%2F2712006535751577&amp;width=500\" width=\"500\" height=\"670\" frameborder=\"0\" scrolling=\"no\"><\/iframe><\/p>\n","protected":false},"excerpt":{"rendered":"<p style=\"text-align: justify;\">A cenizas quedo reducido un trapiche panelero de la vereda El Libertador que durante 15 a\u00f1os les permiti\u00f3 a 12 familias de esta comunidad, veredas vecinas y el corregimiento de Santa Ana obtener su sustento diario por medio de la molienda. Las perdidas ascienden\u00a0a entre 70 y 80 millones de pesos aproximadamente.<\/p>\n","protected":false},"author":1,"featured_media":0,"comment_status":"open","ping_status":"open","sticky":false,"template":"","format":"standard","meta":{"footnotes":""},"categories":[19],"tags":[],"class_list":["post-272","post","type-post","status-publish","format-standard","hentry","category-noticias"],"_links":{"self":[{"href":"https:\/\/www.desdegranada.com\/site\/index.php?rest_route=\/wp\/v2\/posts\/272","targetHints":{"allow":["GET"]}}],"collection":[{"href":"https:\/\/www.desdegranada.com\/site\/index.php?rest_route=\/wp\/v2\/posts"}],"about":[{"href":"https:\/\/www.desdegranada.com\/site\/index.php?rest_route=\/wp\/v2\/types\/post"}],"author":[{"embeddable":true,"href":"https:\/\/www.desdegranada.com\/site\/index.php?rest_route=\/wp\/v2\/users\/1"}],"replies":[{"embeddable":true,"href":"https:\/\/www.desdegranada.com\/site\/index.php?rest_route=%2Fwp%2Fv2%2Fcomments&post=272"}],"version-history":[{"count":0,"href":"https:\/\/www.desdegranada.com\/site\/index.php?rest_route=\/wp\/v2\/posts\/272\/revisions"}],"wp:attachment":[{"href":"https:\/\/www.desdegranada.com\/site\/index.php?rest_route=%2Fwp%2Fv2%2Fmedia&parent=272"}],"wp:term":[{"taxonomy":"category","embeddable":true,"href":"https:\/\/www.desdegranada.com\/site\/index.php?rest_route=%2Fwp%2Fv2%2Fcategories&post=272"},{"taxonomy":"post_tag","embeddable":true,"href":"https:\/\/www.desdegranada.com\/site\/index.php?rest_route=%2Fwp%2Fv2%2Ftags&post=272"}],"curies":[{"name":"wp","href":"https:\/\/api.w.org\/{rel}","templated":true}]}}