{"id":275,"date":"2020-08-08T15:47:08","date_gmt":"2020-08-08T15:47:08","guid":{"rendered":"https:\/\/www.desdegranada.com\/site\/?p=275"},"modified":"2020-08-08T15:47:08","modified_gmt":"2020-08-08T15:47:08","slug":"recuperados-pacientes-de-covid-19-en-granada","status":"publish","type":"post","link":"https:\/\/www.desdegranada.com\/site\/?p=275","title":{"rendered":"Recuperados pacientes de covid-19 en Granada"},"content":{"rendered":"<p style=\"text-align: justify;\">\u201cCompartimos para la comunidad granadina buenas noticas ya que los tres casos activos que se encontraban en el municipio de Granada ya se encuentran recuperados\u201d, confirm\u00f3 la enfermera Andrea Franco.<\/p>\n<p style=\"text-align: justify;\">\u201cSe trata de dos personas adultas y un infante que fueron reconocidos en el cerco epidemiol\u00f3gico del primer caso confirmado por covid-19. Estas personas desde que se hizo el reconocimiento, guardaron su aislamiento preventivo en el lugar. Cabe resaltar que nunca desarrollaron s\u00edntomas y siempre se encontraron en buenas condiciones de salud\u201d, ampli\u00f3 la enfermera Estefan\u00eda Garc\u00eda.<\/p>\n<p style=\"text-align: justify;\"><img loading=\"lazy\" decoding=\"async\" title=\"Datos actualizados sobre casos de covid-19.\" src=\"images\/Recuperados_covid19.jpg\" alt=\"Datos actualizados sobre casos de covid-19.\" width=\"750\" height=\"439\" \/><\/p>\n<p style=\"text-align: justify;\">En el municipio se viene adelantando diversas acciones educativas para sensibilizar a la comunidad frente la importancia del autocuidado, es por esto que desde las instituciones locales se lanz\u00f3 la campa\u00f1a #GranadaSalvandoVidas en la que se recalca la importancia del uso del tapabocas, el lavado de manos frecuente y el distanciamiento social, como medidas efectivas para evitar la propagaci\u00f3n del covid-19 en la localidad.\u00a0<\/p>\n<p style=\"text-align: justify;\">A lo largo de la pandemia en Granada se han presentado 5 casos de covid-19, de los cuales cuatro pacientes se recuperaron y una falleci\u00f3.\u00a0<\/p>\n<p><iframe loading=\"lazy\" style=\"border: none; overflow: hidden;\" src=\"https:\/\/www.facebook.com\/plugins\/video.php?href=https%3A%2F%2Fwww.facebook.com%2Fgranada.stereo%2Fvideos%2F296560868275001%2F&amp;show_text=0&amp;width=560\" width=\"560\" height=\"315\" frameborder=\"0\" scrolling=\"no\" allowfullscreen=\"allowfullscreen\"><\/iframe><\/p>\n","protected":false},"excerpt":{"rendered":"<p style=\"text-align: justify;\">El hospital Padre Clemente Giraldo, direcci\u00f3n local de salud y administraci\u00f3n municipal, entidades encargadas de hacer seguimiento a los casos de covid-19 en Granada, han confirmado el viernes 7 de agosto la recuperaci\u00f3n de los tres casos activos por covid-19 en la localidad. Las dos personas adultas y un infante se encontraban en aislamiento.<\/p>\n","protected":false},"author":1,"featured_media":0,"comment_status":"open","ping_status":"open","sticky":false,"template":"","format":"standard","meta":{"footnotes":""},"categories":[19],"tags":[],"class_list":["post-275","post","type-post","status-publish","format-standard","hentry","category-noticias"],"_links":{"self":[{"href":"https:\/\/www.desdegranada.com\/site\/index.php?rest_route=\/wp\/v2\/posts\/275","targetHints":{"allow":["GET"]}}],"collection":[{"href":"https:\/\/www.desdegranada.com\/site\/index.php?rest_route=\/wp\/v2\/posts"}],"about":[{"href":"https:\/\/www.desdegranada.com\/site\/index.php?rest_route=\/wp\/v2\/types\/post"}],"author":[{"embeddable":true,"href":"https:\/\/www.desdegranada.com\/site\/index.php?rest_route=\/wp\/v2\/users\/1"}],"replies":[{"embeddable":true,"href":"https:\/\/www.desdegranada.com\/site\/index.php?rest_route=%2Fwp%2Fv2%2Fcomments&post=275"}],"version-history":[{"count":0,"href":"https:\/\/www.desdegranada.com\/site\/index.php?rest_route=\/wp\/v2\/posts\/275\/revisions"}],"wp:attachment":[{"href":"https:\/\/www.desdegranada.com\/site\/index.php?rest_route=%2Fwp%2Fv2%2Fmedia&parent=275"}],"wp:term":[{"taxonomy":"category","embeddable":true,"href":"https:\/\/www.desdegranada.com\/site\/index.php?rest_route=%2Fwp%2Fv2%2Fcategories&post=275"},{"taxonomy":"post_tag","embeddable":true,"href":"https:\/\/www.desdegranada.com\/site\/index.php?rest_route=%2Fwp%2Fv2%2Ftags&post=275"}],"curies":[{"name":"wp","href":"https:\/\/api.w.org\/{rel}","templated":true}]}}