{"id":277,"date":"2020-08-13T22:33:52","date_gmt":"2020-08-13T22:33:52","guid":{"rendered":"https:\/\/www.desdegranada.com\/site\/?p=277"},"modified":"2020-08-13T22:33:52","modified_gmt":"2020-08-13T22:33:52","slug":"tercer-festival-de-musica-tradicional-colombiana-fue-el-primero-virtual","status":"publish","type":"post","link":"https:\/\/www.desdegranada.com\/site\/?p=277","title":{"rendered":"Tercer festival de m\u00fasica tradicional colombiana, fue el primero virtual"},"content":{"rendered":"<p style=\"text-align: justify;\">A trav\u00e9s de los medios de comunicaci\u00f3n locales y las redes sociales tanto la comunidad granadina como las personas de afuera disfrutaron de este festival que tiene como fin resaltar la m\u00fasica tradicional colombiana.<\/p>\n<p style=\"text-align: justify;\">La virtualidad se ha convertido en una importante herramienta para desarrollar eventos de este tipo que permiten mantener viva la cultura y las tradiciones. Dado el \u00e9xito de este festival se ha planteado la posibilidad de realizar a trav\u00e9s de los medios digitales otros festivales como el de la canci\u00f3n, de teatro y de Rock.<\/p>\n<p style=\"text-align: justify;\"><iframe loading=\"lazy\" src=\"\/\/www.youtube.com\/embed\/3uVIUwmQrWQ\" width=\"560\" height=\"314\" allowfullscreen=\"allowfullscreen\"><\/iframe><\/p>\n","protected":false},"excerpt":{"rendered":"<p style=\"text-align: justify;\">Siete agrupaciones participaron en la tercera versi\u00f3n del Festival de M\u00fasica Tradicional Colombiana,\u00a0organizado por la casa de la cultura Ram\u00f3n Eduardo Duque y que tuvo una particularidad y fue que por primera vez se realiz\u00f3 virtualmente.<\/p>\n","protected":false},"author":1,"featured_media":0,"comment_status":"open","ping_status":"open","sticky":false,"template":"","format":"standard","meta":{"footnotes":""},"categories":[19],"tags":[],"class_list":["post-277","post","type-post","status-publish","format-standard","hentry","category-noticias"],"_links":{"self":[{"href":"https:\/\/www.desdegranada.com\/site\/index.php?rest_route=\/wp\/v2\/posts\/277","targetHints":{"allow":["GET"]}}],"collection":[{"href":"https:\/\/www.desdegranada.com\/site\/index.php?rest_route=\/wp\/v2\/posts"}],"about":[{"href":"https:\/\/www.desdegranada.com\/site\/index.php?rest_route=\/wp\/v2\/types\/post"}],"author":[{"embeddable":true,"href":"https:\/\/www.desdegranada.com\/site\/index.php?rest_route=\/wp\/v2\/users\/1"}],"replies":[{"embeddable":true,"href":"https:\/\/www.desdegranada.com\/site\/index.php?rest_route=%2Fwp%2Fv2%2Fcomments&post=277"}],"version-history":[{"count":0,"href":"https:\/\/www.desdegranada.com\/site\/index.php?rest_route=\/wp\/v2\/posts\/277\/revisions"}],"wp:attachment":[{"href":"https:\/\/www.desdegranada.com\/site\/index.php?rest_route=%2Fwp%2Fv2%2Fmedia&parent=277"}],"wp:term":[{"taxonomy":"category","embeddable":true,"href":"https:\/\/www.desdegranada.com\/site\/index.php?rest_route=%2Fwp%2Fv2%2Fcategories&post=277"},{"taxonomy":"post_tag","embeddable":true,"href":"https:\/\/www.desdegranada.com\/site\/index.php?rest_route=%2Fwp%2Fv2%2Ftags&post=277"}],"curies":[{"name":"wp","href":"https:\/\/api.w.org\/{rel}","templated":true}]}}