{"id":278,"date":"2020-08-13T22:49:08","date_gmt":"2020-08-13T22:49:08","guid":{"rendered":"https:\/\/www.desdegranada.com\/site\/?p=278"},"modified":"2020-08-13T22:49:08","modified_gmt":"2020-08-13T22:49:08","slug":"aun-en-medio-de-la-pandemia-programa-de-atencion-al-adulto-mayor-no-para","status":"publish","type":"post","link":"https:\/\/www.desdegranada.com\/site\/?p=278","title":{"rendered":"A\u00fan en medio de la pandemia, programa de atenci\u00f3n al adulto mayor no para"},"content":{"rendered":"<p style=\"text-align: justify;\">Tradicionalmente agosto es el mes del adulto mayor y desde la administraci\u00f3n municipal no se quer\u00eda dejar pasar la oportunidad de hacer un reconocimiento a este grupo poblacional que desde su experiencia aporta al desarrollo del municipio. En un principio se celebr\u00f3 una eucarist\u00eda que dio apertura a las actividades que se estar\u00e1n realizando tanto en el \u00e1rea rural como urbana, contando con los protocolos de bioseguridad que se exigen.<\/p>\n<p style=\"text-align: justify;\"><img decoding=\"async\" src=\"images\/Adulto_mayor_2020.jpg\" alt=\"\" \/><\/p>\n<p style=\"text-align: justify;\">Con los adultos mayores del Centro de Bienestar del Anciano San Jos\u00e9, se realizar\u00e1 tambi\u00e9n una actividad virtual con la colaboraci\u00f3n de la casa de la cultura y el 29 de agosto se espera realizar unas actividades de cierre por el canal comunitario y la emisora Granada St\u00e9reo.<\/p>\n<p style=\"text-align: justify;\">La gran cantidad de adultos mayores con que cuenta Granada sumado a la emergencia sanitaria ha obligado a que la atenci\u00f3n que desde el programa se realiza a esta poblaci\u00f3n sea de manera individual. Sin embargo, se ha continuado con el trabajo para aportar a que los abuelos tengan una mejor calidad de vida.<\/p>\n","protected":false},"excerpt":{"rendered":"<p style=\"text-align: justify;\">Desde el inicio de este per\u00edodo de gobierno local se cuenta con una nueva geront\u00f3loga para liderar el programa del adulto mayor. Pese a que en el comienzo del a\u00f1o se ten\u00edan otras proyecciones con el trabajo de los adultos mayores, la pandemia global del covid19 oblig\u00f3 a reestructurar las actividades y planes a desarrollar.<\/p>\n","protected":false},"author":1,"featured_media":0,"comment_status":"open","ping_status":"open","sticky":false,"template":"","format":"standard","meta":{"footnotes":""},"categories":[19],"tags":[],"class_list":["post-278","post","type-post","status-publish","format-standard","hentry","category-noticias"],"_links":{"self":[{"href":"https:\/\/www.desdegranada.com\/site\/index.php?rest_route=\/wp\/v2\/posts\/278","targetHints":{"allow":["GET"]}}],"collection":[{"href":"https:\/\/www.desdegranada.com\/site\/index.php?rest_route=\/wp\/v2\/posts"}],"about":[{"href":"https:\/\/www.desdegranada.com\/site\/index.php?rest_route=\/wp\/v2\/types\/post"}],"author":[{"embeddable":true,"href":"https:\/\/www.desdegranada.com\/site\/index.php?rest_route=\/wp\/v2\/users\/1"}],"replies":[{"embeddable":true,"href":"https:\/\/www.desdegranada.com\/site\/index.php?rest_route=%2Fwp%2Fv2%2Fcomments&post=278"}],"version-history":[{"count":0,"href":"https:\/\/www.desdegranada.com\/site\/index.php?rest_route=\/wp\/v2\/posts\/278\/revisions"}],"wp:attachment":[{"href":"https:\/\/www.desdegranada.com\/site\/index.php?rest_route=%2Fwp%2Fv2%2Fmedia&parent=278"}],"wp:term":[{"taxonomy":"category","embeddable":true,"href":"https:\/\/www.desdegranada.com\/site\/index.php?rest_route=%2Fwp%2Fv2%2Fcategories&post=278"},{"taxonomy":"post_tag","embeddable":true,"href":"https:\/\/www.desdegranada.com\/site\/index.php?rest_route=%2Fwp%2Fv2%2Ftags&post=278"}],"curies":[{"name":"wp","href":"https:\/\/api.w.org\/{rel}","templated":true}]}}